{"id":9212,"date":"2019-03-04T19:14:41","date_gmt":"2019-03-05T01:14:41","guid":{"rendered":"https:\/\/www.arquidiocesismty.org\/arquimty\/?p=9212"},"modified":"2019-03-04T19:14:41","modified_gmt":"2019-03-05T01:14:41","slug":"mensaje-de-cuaresma-de-nuestro-arzobispo","status":"publish","type":"post","link":"https:\/\/www.arquidiocesismty.org\/arquimty\/mensaje-de-cuaresma-de-nuestro-arzobispo\/","title":{"rendered":"Mensaje de Cuaresma de nuestro Arzobispo"},"content":{"rendered":"<p>\u201cQueridos hermanos y hermanas:<\/p>\n<p>Iniciamos un nuevo tiempo lit\u00fargico: La Cuaresma. Tiempo de gracia y conversi\u00f3n. Nuevamente se nos abre una nueva oportunidad para volver al Se\u00f1or, rico en misericordia. Sabemos que Dios nunca se da por vencido y, como Buen Pastor, nos busca una y otra vez, ya que su amor es infinito y no conoce l\u00edmites. Dios es \u201clento para enojarse y generoso para perdonar\u201d (Sl. 102).<\/p>\n<p>No podemos y no debemos olvidar nuestra condici\u00f3n de pecadores, con san Pablo podemos decir que llevamos una espina clavada en nuestra carne que nos lleva a realizar aquel mal que no queremos. Adem\u00e1s, la Escritura afirma que \u201chasta el m\u00e1s justo peca siete veces\u201d (Pr 24, 16).<\/p>\n<p>Vivimos tiempos dif\u00edciles, en un mundo cada vez m\u00e1s complejo, hoy m\u00e1s que nunca proliferan\u00a0 ideolog\u00edas que buscan confundir nuestra fe cristiana y a la sociedad en general, pareciera que no hay lugar para pensar en un mundo donde reine la esperanza ni la posibilidad de un futuro mejor.\u00a0 Sin embargo, nuestra fe nos dice otra cosa. A la luz de la pasi\u00f3n-muerte y resurrecci\u00f3n del Se\u00f1or, se han abierto caminos nuevos, la victoria de Cristo es tambi\u00e9n nuestra victoria y su lucha es tambi\u00e9n nuestra lucha.<\/p>\n<p>En el tiempo de la Cuaresma se nos recuerda que no debemos bajar los brazos ni pensar que el mal tiene la \u00faltima palabra. Este tiempo lit\u00fargico nos ofrece numerosos elementos que nos ayudar\u00e1n a estar m\u00e1s cerca del Se\u00f1or y a creer que lo imposible, en Dios ser\u00e1 posible.<\/p>\n<p>Es por esto que les invito a que en este tiempo de gracia que comienza con un gesto sencillo pero a la vez significativo de la ceniza, entremos en un verdadero esp\u00edritu de arrepentimiento, que seamos capaces de reconocer nuestros pecados y a esforzarnos, junto con la gracia de Dios, a decir: hasta aqu\u00ed, \u00a1basta! Con el mi\u00e9rcoles de ceniza comienza este camino de gracia y conversi\u00f3n. Gracia, porque Dios siempre tiene preparados sus regalos para aquellos que le aman. Conversi\u00f3n, porque debemos lograr un cambio aut\u00e9ntico en nuestra manera de actuar. La conversi\u00f3n es parte del regalo de Dios, ya que si nos convertimos es, en gran parte por \u00c9l. El libro de las Lamentaciones termina de una manera muy bella con esta s\u00faplica: \u201cConvi\u00e9rtenos a ti, Se\u00f1or, y nos convertiremos\u201d (Lm 5, 21).<\/p>\n<p>No debemos olvidar que en la Cuaresma los actos de piedad son las herramientas b\u00e1sicas para disponer nuestro coraz\u00f3n a celebrar con fe la Pascua que es nuestra meta. Por medio de las pr\u00e1cticas de mortificaci\u00f3n como son el ayuno y la abstinencia tenemos la oportunidad de mortificar el cuerpo para fortalecer el esp\u00edritu y as\u00ed resistir al pecado y conquistar m\u00e1s f\u00e1cilmente los bienes celestiales. La oraci\u00f3n es fundamental para mantenernos unidos al Se\u00f1or. Es en la oraci\u00f3n donde descubrimos nuestro pecado, ya que es el mismo Se\u00f1or quien nos lo muestra, pero al descubrir nuestra realidad, el Se\u00f1or nos mueve al arrepentimiento por medio del dolor de nuestras fallas para buscar despu\u00e9s la reconciliaci\u00f3n y la paz a trav\u00e9s de los sacramentos.<\/p>\n<p>Una pr\u00e1ctica necesaria es la limosna, ya que nuestra espiritualidad no debe ser \u201cintimista\u201d, sino trascendente. El compromiso de todo fiel cristiano es hacer el bien a sus semejantes, especialmente a los m\u00e1s pobres. En nuestro Plan Org\u00e1nico de Pastoral, este a\u00f1o 2019 lo hemos dirigido hacia el tema de LA POBREZA Y LA SOLIDARIDAD, porque en nuestro entorno existen muchos hermanos que sufren, pasan carencia y necesitan absolutamente de la generosidad de los dem\u00e1s.<\/p>\n<p>El Papa Francisco, en su mensaje de Cuaresma para este a\u00f1o nos ha dicho: \u201cLa creaci\u00f3n, expectante, est\u00e1 aguardando la manifestaci\u00f3n de los hijos de Dios\u201d (Rm 8,19).<\/p>\n<p>Es precisamente por medio de la caridad y la atenci\u00f3n a los m\u00e1s pobres donde la creaci\u00f3n encuentra la respuesta a lo que busca: un mundo donde se viva en el amor y la justicia. As\u00ed es como podemos manifestarnos como hijos de Dios, haciendo el bien, sobre todo a los m\u00e1s desamparados. La Madre Santa Teresa de Calcuta nos dec\u00eda que \u201camar es dar hasta que duela\u201d.<\/p>\n<p>Es un vivo deseo que tanto sacerdotes, como los dem\u00e1s miembros de la vida consagrada y laicos comprometidos se esfuercen de un modo especial en este tiempo de Cuaresma por llevar a sus corazones el anhelo una vida m\u00e1s profunda, de interioridad, donde la santidad sea la meta y el camino.<\/p>\n<p>Dejemos que el Esp\u00edritu de Dios act\u00fae en nuestras vidas para que, saliendo de nuestro ego\u00edsmo, vivamos m\u00e1s y m\u00e1s como hermanos, en camino de regreso a la casa del Padre.<\/p>\n<p>Que la Virgen del Roble interceda por cada uno de nosotros y nos gu\u00ede por el camino del amor sin fronteras.&#8221;<\/p>\n<p style=\"text-align: right;\"><em>Rogelio Cabrera L\u00f3pez, Arzobispo de Monterrey<\/em><\/p>\n","protected":false},"excerpt":{"rendered":"<p>\u201cQueridos hermanos y hermanas: Iniciamos un nuevo tiempo lit\u00fargico: La Cuaresma. Tiempo de gracia y conversi\u00f3n. Nuevamente se nos abre una nueva oportunidad para volver al<span class=\"excerpt-hellip\"> [\u2026]<\/span><\/p>\n","protected":false},"author":2,"featured_media":9223,"comment_status":"open","ping_status":"closed","sticky":false,"template":"","format":"standard","meta":[],"categories":[15],"tags":[],"_links":{"self":[{"href":"https:\/\/www.arquidiocesismty.org\/arquimty\/wp-json\/wp\/v2\/posts\/9212"}],"collection":[{"href":"https:\/\/www.arquidiocesismty.org\/arquimty\/wp-json\/wp\/v2\/posts"}],"about":[{"href":"https:\/\/www.arquidiocesismty.org\/arquimty\/wp-json\/wp\/v2\/types\/post"}],"author":[{"embeddable":true,"href":"https:\/\/www.arquidiocesismty.org\/arquimty\/wp-json\/wp\/v2\/users\/2"}],"replies":[{"embeddable":true,"href":"https:\/\/www.arquidiocesismty.org\/arquimty\/wp-json\/wp\/v2\/comments?post=9212"}],"version-history":[{"count":4,"href":"https:\/\/www.arquidiocesismty.org\/arquimty\/wp-json\/wp\/v2\/posts\/9212\/revisions"}],"predecessor-version":[{"id":9221,"href":"https:\/\/www.arquidiocesismty.org\/arquimty\/wp-json\/wp\/v2\/posts\/9212\/revisions\/9221"}],"wp:featuredmedia":[{"embeddable":true,"href":"https:\/\/www.arquidiocesismty.org\/arquimty\/wp-json\/wp\/v2\/media\/9223"}],"wp:attachment":[{"href":"https:\/\/www.arquidiocesismty.org\/arquimty\/wp-json\/wp\/v2\/media?parent=9212"}],"wp:term":[{"taxonomy":"category","embeddable":true,"href":"https:\/\/www.arquidiocesismty.org\/arquimty\/wp-json\/wp\/v2\/categories?post=9212"},{"taxonomy":"post_tag","embeddable":true,"href":"https:\/\/www.arquidiocesismty.org\/arquimty\/wp-json\/wp\/v2\/tags?post=9212"}],"curies":[{"name":"wp","href":"https:\/\/api.w.org\/{rel}","templated":true}]}}