{"id":920,"date":"2017-04-14T21:19:55","date_gmt":"2017-04-15T02:19:55","guid":{"rendered":"https:\/\/www.arquidiocesismty.org\/arquimty\/?p=920"},"modified":"2017-04-14T21:19:55","modified_gmt":"2017-04-15T02:19:55","slug":"celebracion-de-la-pasion-del-senor-catedral-metropolitana-de-monterrey","status":"publish","type":"post","link":"https:\/\/www.arquidiocesismty.org\/arquimty\/celebracion-de-la-pasion-del-senor-catedral-metropolitana-de-monterrey\/","title":{"rendered":"Celebraci\u00f3n de la Pasi\u00f3n del Se\u00f1or &#8211; Catedral Metropolitana de Monterrey"},"content":{"rendered":"<p>Celebraci\u00f3n de la Pasi\u00f3n del Se\u00f1or &#8211; 14 de abril de 2017<\/p>\n<p>Estimadas hermanas, estimados hermanos, la celebraci\u00f3n de este viernes santo tiene una buena pedagog\u00eda. El Se\u00f1or quiere iluminar nuestras vidas y nuestra historia personal con la historia de Jes\u00fas, verdadero Dios y verdadero hombre. Esta liturgia es muy especial, porque en el centro de ella estar\u00e1 la cruz de Cristo, y en torno a este signo est\u00e1 la Palabra de Dios que ha iluminado ese acontecimiento y tambi\u00e9n los signos lit\u00fargicos que le acompa\u00f1an.<\/p>\n<p>Celebramos la muerte del Se\u00f1or, la pregunta m\u00e1s dif\u00edcil de responder, el asunto m\u00e1s delicado que tiene todo ser humano y que tiene que resolver y que tiene que pasar por \u00c9l: ning\u00fan hombre o mujer escapa a la muerte, por eso los signos son siempre muy sencillos. Hoy no hay alfombras, no hay manteles en el altar; a un servidor me piden celebrar sin mitra, sin solideo, sin b\u00e1culo y sin anillo episcopal; cuando me acerque a la cruz, los sacerdotes y yo nos quitaremos los zapatos para adorar a Cristo crucificado, porque en este misterio de la cruz aparece lo m\u00e1s limitado de nosotros, y a la luz de Cristo aparece lo m\u00e1s grande de nosotros.<\/p>\n<p>En el Evangelio hay dos modos de presentar a Jes\u00fas: &#8220;ecce homo&#8221;, este es el hombre, Cristo lastimado, burlado, coronado, con l\u00e1tigos en la espalda; ese es el hombre, as\u00ed dijo Pilato, esta es la historia de cada hombre, de un modo o de otro ustedes y yo sufrimos en la vida, esa es nuestra historia. Aparece otro contraste, este es &#8220;el rey de los jud\u00edos&#8221;, aunque mandaron poner el letrero de la cruz en tono de burla, es la verdad mayor: Jes\u00fas nazareno, Rey de los jud\u00edos. Hombre y rey, peque\u00f1o y grande, mortal e inmortal. Esa es la historia de ustedes y m\u00eda, somos mortales; pero tambi\u00e9n tenemos un destino de inmortalidad, sufrimos, pero tambi\u00e9n somos reyes. Dice uno de los salmos que &#8220;lo hizo un poco inferior de los \u00e1ngeles, lo corona de de gloria y dignidad&#8221;, el salmo se refiere a nosotros; el d\u00eda de nuestra ordenaci\u00f3n diaconal y sacerdotal tambi\u00e9n nos postramos en el suelo para recordar que somos polvo y al polvo hemos de volver, pero que maravilla que este hombre, esta persona que no vale nada en la cruz de Cristo tiene esperanza de eternidad, es el rey de la creaci\u00f3n, es el Hijo amado de Dios. En la cruz de Cristo est\u00e1 ese contraste. Jes\u00fas &#8220;aprendi\u00f3 a obedecer sufriendo&#8221;, dice la carta a los Hebreos, es as\u00ed como es el Hijo amado del Padre. Qu\u00e9 contraste, porque as\u00ed es la vida de cada uno de nosotros. Ecce homo, ecce Rex, en medio de esas dos realidades se cruza la muerte, paso obligado para todos, y Cristo acept\u00f3 tambi\u00e9n morir, ser sepultado y al tercer d\u00eda resucitar.<\/p>\n<p>La lectura del Evangelio termina diciendo &#8220;y lo pusieron en un sepulcro&#8230; el que vio da testimonio de esto y su testimonio es verdadero y \u00e9l sabe que dice la verdad, para que tambi\u00e9n ustedes crean&#8221;. Hoy tenemos esta bella oportunidad de retomar nuestra vida, no somos tan importantes como a veces podemos pensar o alguien nos hace creer, somos humanos, gusanillos de la tierra, pero qu\u00e9 bello regalo de parte de Jesucristo: ser hijos de Dios, \u00c9l nos quiere mucho, \u00c9l nos llama a la eternidad y nos hace reyes porque nos ama y nos quiere.<\/p>\n<p>Veamos en la cruz de Cristo esa realidad: el hombre, el rey, el Dios; el mortal e inmortal. En Cristo vemos nuestra historia. Pidamos la fe todos los d\u00edas, que creamos en la vida eterna, que nos de la fortaleza interior para afrontar el examen definitivo; y el paso Pascual que tenemos que dar para pasar a la muerte creemos que ese paso lo podemos caminar y seguir adelante porque Dios nos ama, somos sus hijos y somos reyes. No dejen de mirar a Cristo muerto y sepultado, vean tambi\u00e9n su grandeza, la profec\u00eda de Jes\u00fas &#8220;mirar\u00e1n al que traspasaron&#8221;. Que Dios nos bendiga y que nos ayude a asimilar nuestra historia y sobre todo a tener esperanza en la vida eterna.<\/p>\n","protected":false},"excerpt":{"rendered":"<p>Celebraci\u00f3n de la Pasi\u00f3n del Se\u00f1or &#8211; 14 de abril de 2017 Estimadas hermanas, estimados hermanos, la celebraci\u00f3n de este viernes santo tiene una buena pedagog\u00eda.<span class=\"excerpt-hellip\"> [\u2026]<\/span><\/p>\n","protected":false},"author":6,"featured_media":922,"comment_status":"open","ping_status":"open","sticky":false,"template":"","format":"standard","meta":[],"categories":[13],"tags":[],"_links":{"self":[{"href":"https:\/\/www.arquidiocesismty.org\/arquimty\/wp-json\/wp\/v2\/posts\/920"}],"collection":[{"href":"https:\/\/www.arquidiocesismty.org\/arquimty\/wp-json\/wp\/v2\/posts"}],"about":[{"href":"https:\/\/www.arquidiocesismty.org\/arquimty\/wp-json\/wp\/v2\/types\/post"}],"author":[{"embeddable":true,"href":"https:\/\/www.arquidiocesismty.org\/arquimty\/wp-json\/wp\/v2\/users\/6"}],"replies":[{"embeddable":true,"href":"https:\/\/www.arquidiocesismty.org\/arquimty\/wp-json\/wp\/v2\/comments?post=920"}],"version-history":[{"count":1,"href":"https:\/\/www.arquidiocesismty.org\/arquimty\/wp-json\/wp\/v2\/posts\/920\/revisions"}],"predecessor-version":[{"id":923,"href":"https:\/\/www.arquidiocesismty.org\/arquimty\/wp-json\/wp\/v2\/posts\/920\/revisions\/923"}],"wp:featuredmedia":[{"embeddable":true,"href":"https:\/\/www.arquidiocesismty.org\/arquimty\/wp-json\/wp\/v2\/media\/922"}],"wp:attachment":[{"href":"https:\/\/www.arquidiocesismty.org\/arquimty\/wp-json\/wp\/v2\/media?parent=920"}],"wp:term":[{"taxonomy":"category","embeddable":true,"href":"https:\/\/www.arquidiocesismty.org\/arquimty\/wp-json\/wp\/v2\/categories?post=920"},{"taxonomy":"post_tag","embeddable":true,"href":"https:\/\/www.arquidiocesismty.org\/arquimty\/wp-json\/wp\/v2\/tags?post=920"}],"curies":[{"name":"wp","href":"https:\/\/api.w.org\/{rel}","templated":true}]}}