{"id":8656,"date":"2018-12-17T11:07:33","date_gmt":"2018-12-17T17:07:33","guid":{"rendered":"https:\/\/arquidiocesismty.org\/arquimty\/?p=8656"},"modified":"2018-12-17T11:12:28","modified_gmt":"2018-12-17T17:12:28","slug":"arzobispo-de-monterrey-reitera-carino-y-afecto-al-papa-en-su-cumpleanos-82","status":"publish","type":"post","link":"https:\/\/www.arquidiocesismty.org\/arquimty\/arzobispo-de-monterrey-reitera-carino-y-afecto-al-papa-en-su-cumpleanos-82\/","title":{"rendered":"Arzobispo de Monterrey reitera cari\u00f1o y afecto al Papa en su cumplea\u00f1os 82"},"content":{"rendered":"<p><strong>Monterrey, N. L.<\/strong> (<a href=\"http:\/\/www.pastoralsiglo21.org\">www.pastoralsiglo21.org<\/a>) <strong>16 de diciembre.-<\/strong> Durante la rueda de prensa dominical, Mons. Rogelio Cabrera L\u00f3pez, Arzobispo de Monterrey, dijo que el lunes 17 ser\u00e1 el cumplea\u00f1os 82 del Papa Francisco, por lo que pidi\u00f3 a todos los fieles reiterarle \u201cnuestro afecto, cari\u00f1o y oraci\u00f3n\u201d.<\/p>\n<p>\u201cColaboremos con \u00e9l para que la Iglesia Cat\u00f3lica siga siendo siendo para todos una fuerza moral que ayude en la problem\u00e1tica que hoy tiene la humanidad en las guerras, trata de personas y migrantes\u201d, expres\u00f3.<\/p>\n<p>Hay que hacer una oraci\u00f3n porque sobre el Papa caen moralmente todos los problemas de la humanidad, a\u00f1adi\u00f3, \u201cque \u00e9l sepa que en M\u00e9xico y en Monterrey se le estima, que rezamos mucho por \u00e9l y que vamos a hacer todo lo posible para no ser un dolor de cabeza para la Iglesia (refiri\u00e9ndose al problema de abusos de menores)\u201d.<\/p>\n","protected":false},"excerpt":{"rendered":"<p>Monterrey, N. L. (www.pastoralsiglo21.org) 16 de diciembre.- Durante la rueda de prensa dominical, Mons. Rogelio Cabrera L\u00f3pez, Arzobispo de Monterrey, dijo que el lunes 17 ser\u00e1<span class=\"excerpt-hellip\"> [\u2026]<\/span><\/p>\n","protected":false},"author":2,"featured_media":8658,"comment_status":"open","ping_status":"closed","sticky":false,"template":"","format":"standard","meta":[],"categories":[7,14],"tags":[],"_links":{"self":[{"href":"https:\/\/www.arquidiocesismty.org\/arquimty\/wp-json\/wp\/v2\/posts\/8656"}],"collection":[{"href":"https:\/\/www.arquidiocesismty.org\/arquimty\/wp-json\/wp\/v2\/posts"}],"about":[{"href":"https:\/\/www.arquidiocesismty.org\/arquimty\/wp-json\/wp\/v2\/types\/post"}],"author":[{"embeddable":true,"href":"https:\/\/www.arquidiocesismty.org\/arquimty\/wp-json\/wp\/v2\/users\/2"}],"replies":[{"embeddable":true,"href":"https:\/\/www.arquidiocesismty.org\/arquimty\/wp-json\/wp\/v2\/comments?post=8656"}],"version-history":[{"count":1,"href":"https:\/\/www.arquidiocesismty.org\/arquimty\/wp-json\/wp\/v2\/posts\/8656\/revisions"}],"predecessor-version":[{"id":8657,"href":"https:\/\/www.arquidiocesismty.org\/arquimty\/wp-json\/wp\/v2\/posts\/8656\/revisions\/8657"}],"wp:featuredmedia":[{"embeddable":true,"href":"https:\/\/www.arquidiocesismty.org\/arquimty\/wp-json\/wp\/v2\/media\/8658"}],"wp:attachment":[{"href":"https:\/\/www.arquidiocesismty.org\/arquimty\/wp-json\/wp\/v2\/media?parent=8656"}],"wp:term":[{"taxonomy":"category","embeddable":true,"href":"https:\/\/www.arquidiocesismty.org\/arquimty\/wp-json\/wp\/v2\/categories?post=8656"},{"taxonomy":"post_tag","embeddable":true,"href":"https:\/\/www.arquidiocesismty.org\/arquimty\/wp-json\/wp\/v2\/tags?post=8656"}],"curies":[{"name":"wp","href":"https:\/\/api.w.org\/{rel}","templated":true}]}}