{"id":7405,"date":"2018-09-03T14:48:44","date_gmt":"2018-09-03T19:48:44","guid":{"rendered":"https:\/\/arquidiocesismty.org\/arquimty\/?p=7405"},"modified":"2018-09-03T15:21:29","modified_gmt":"2018-09-03T20:21:29","slug":"7-datos-curiosos-que-debes-saber-del-mes-de-la-biblia","status":"publish","type":"post","link":"https:\/\/www.arquidiocesismty.org\/arquimty\/7-datos-curiosos-que-debes-saber-del-mes-de-la-biblia\/","title":{"rendered":"7 datos curiosos que debes saber del mes de la Biblia"},"content":{"rendered":"<p><strong>\u00bfSab\u00edas que Septiembre es el mes de la Biblia?<\/strong><\/p>\n<p>Septiembre es el mes de la Biblia y durante todo el mes la Iglesia cat\u00f3lica celebra la Sagrada Biblia, uno de los libros m\u00e1s antiguos de todos los tiempos, que ha perdurado a lo largo de la historia. Siendo la primera Biblia y la \u00fanica inspirada por Dios.<\/p>\n<p>Sigue leyendo y conoce 7 datos curiosos que debes saber del mes de la Biblia:<\/p>\n<ol>\n<li>Septiembre es el mes de la Biblia porque\u00a0el d\u00eda 30 de septiembre es el d\u00eda de San Jer\u00f3nimo, el hombre que dedic\u00f3 su vida al estudio y a la traducci\u00f3n de la Biblia al lat\u00edn.<\/li>\n<li>La Biblia se escribi\u00f3 en tres idiomas: hebreo, arameo y griego. Fue San Jer\u00f3nimo tradujo la Biblia del griego y el hebreo al lat\u00edn.<\/li>\n<li>La palabra de Dios es un alimento para el alma, la cual nos fortalece y nos gu\u00eda para discernir mejor en momentos de angustia a trav\u00e9s de la cual podemos dialogar con Dios y percibir de distintas maneras lo que nos quiere decir. Nos fortalece y nos da la fe que requerimos en nuestra vida espiritual.<\/li>\n<li>La Biblia est\u00e1 compuesta por 73 libros, al Antiguo Testamento le corresponden 46 y al Nuevo Testamento 27 libros.<\/li>\n<li>Se empez\u00f3 a escribir en tiempos de Mois\u00e9s, 1.300 a\u00f1os antes de Cristo y se termin\u00f3 de escribir, poco antes de morir el \u00faltimo ap\u00f3stol, San Juan. Unos cien a\u00f1os despu\u00e9s de Cristo.<\/li>\n<li>El \u00fanico autor de la Biblia es Dios, pero quienes la escribieron fueron los profetas, sabios, poetas y ap\u00f3stoles, inspirados por Dios durante catorce siglos para que no escribieran ning\u00fan error espiritual.<\/li>\n<li>El Apocalipsis es la revelaci\u00f3n de Jes\u00fas a San Juan, acerca de los acontecimientos futuros, que el Mal siempre perseguir\u00e1 al Bien. Pero este Mal ser\u00e1 castigado y al final triunfar\u00e1n solamente los buenos. Dios vencer\u00e1 el Mal.<\/li>\n<\/ol>\n<p>Si te quedaste con ganas de saber m\u00e1s al respecto, te invito a que te acerques a la parroquia que desees para que se te impartan las clases de Biblia y adquieras mayor conocimiento del tema. Tambi\u00e9n puedes descargar la App del Misal de la Arquidi\u00f3cesis para leer las lecturas diarias.<\/p>\n<h3><em>\u201cDesconocer las Sagradas Escritura es desconocer a Cristo\u201d. <\/em>San Jer\u00f3nimo<\/h3>\n","protected":false},"excerpt":{"rendered":"<p>\u00bfSab\u00edas que Septiembre es el mes de la Biblia? Septiembre es el mes de la Biblia y durante todo el mes la Iglesia cat\u00f3lica celebra la<span class=\"excerpt-hellip\"> [\u2026]<\/span><\/p>\n","protected":false},"author":2,"featured_media":7409,"comment_status":"open","ping_status":"closed","sticky":false,"template":"","format":"standard","meta":[],"categories":[15],"tags":[],"_links":{"self":[{"href":"https:\/\/www.arquidiocesismty.org\/arquimty\/wp-json\/wp\/v2\/posts\/7405"}],"collection":[{"href":"https:\/\/www.arquidiocesismty.org\/arquimty\/wp-json\/wp\/v2\/posts"}],"about":[{"href":"https:\/\/www.arquidiocesismty.org\/arquimty\/wp-json\/wp\/v2\/types\/post"}],"author":[{"embeddable":true,"href":"https:\/\/www.arquidiocesismty.org\/arquimty\/wp-json\/wp\/v2\/users\/2"}],"replies":[{"embeddable":true,"href":"https:\/\/www.arquidiocesismty.org\/arquimty\/wp-json\/wp\/v2\/comments?post=7405"}],"version-history":[{"count":3,"href":"https:\/\/www.arquidiocesismty.org\/arquimty\/wp-json\/wp\/v2\/posts\/7405\/revisions"}],"predecessor-version":[{"id":7408,"href":"https:\/\/www.arquidiocesismty.org\/arquimty\/wp-json\/wp\/v2\/posts\/7405\/revisions\/7408"}],"wp:featuredmedia":[{"embeddable":true,"href":"https:\/\/www.arquidiocesismty.org\/arquimty\/wp-json\/wp\/v2\/media\/7409"}],"wp:attachment":[{"href":"https:\/\/www.arquidiocesismty.org\/arquimty\/wp-json\/wp\/v2\/media?parent=7405"}],"wp:term":[{"taxonomy":"category","embeddable":true,"href":"https:\/\/www.arquidiocesismty.org\/arquimty\/wp-json\/wp\/v2\/categories?post=7405"},{"taxonomy":"post_tag","embeddable":true,"href":"https:\/\/www.arquidiocesismty.org\/arquimty\/wp-json\/wp\/v2\/tags?post=7405"}],"curies":[{"name":"wp","href":"https:\/\/api.w.org\/{rel}","templated":true}]}}