{"id":6975,"date":"2018-07-26T13:40:28","date_gmt":"2018-07-26T18:40:28","guid":{"rendered":"https:\/\/www.arquidiocesismty.org\/arquimty\/?p=6975"},"modified":"2018-07-26T13:42:00","modified_gmt":"2018-07-26T18:42:00","slug":"pesame-del-papa-por-las-victimas-del-colapso-de-una-presa-en-laos","status":"publish","type":"post","link":"https:\/\/www.arquidiocesismty.org\/arquimty\/pesame-del-papa-por-las-victimas-del-colapso-de-una-presa-en-laos\/","title":{"rendered":"P\u00e9same del Papa por las v\u00edctimas del colapso de una presa en Laos."},"content":{"rendered":"<p>Ciudad del Vaticano (<a href=\"http:\/\/www.pastoralsiglo21.org\">www.pastoralsiglo21.org<\/a>) 25 de julio del 2018.- El Santo Padre comparte el dolor del pueblo laosiano tras el tr\u00e1gico incidente en una central hidroel\u00e9ctrica que ha causado cientos de muertos y ha dejado a miles de personas sin hogar.<\/p>\n<p>A trav\u00e9s de un telegrama firmado por el cardenal Secretario de Estado, Pietro Parolin; el Papa Francisco ha expresado su p\u00e9same y conmoci\u00f3n tras conocer el tr\u00e1gico incidente en Laos originado por el colapso de la presa de la central hidroel\u00e9ctrica de Xepian-Xe Nam Noy en la provincia de Attapeu, que caus\u00f3 una tromba de agua que afect\u00f3 a seis aldeas.<\/p>\n<p>El accidente provoc\u00f3 varios muertos y dej\u00f3 a m\u00e1s de 6.600 personas sin hogar, as\u00ed como cientos de desaparecidos.<\/p>\n<p>Su Santidad reza especialmente por el eterno descanso de los difuntos, la curaci\u00f3n de los heridos, as\u00ed como por el consuelo de todos los que lloran la p\u00e9rdida de sus seres queridos y que temen por la vida de los que a\u00fan est\u00e1n perdidos.<\/p>\n<p>Asimismo, el Santo Padre alienta a las autoridades civiles y a todas las personas involucradas en los esfuerzos de b\u00fasqueda y rescate, a continuar perseverando en esta dura labor, ayudando a las v\u00edctimas de esta tragedia a la vez que extiende sobre todos ellos su bendici\u00f3n apost\u00f3lica.<\/p>\n<p>&nbsp;<\/p>\n<p>Con informaci\u00f3n de: Vatican News<\/p>\n","protected":false},"excerpt":{"rendered":"<p>Ciudad del Vaticano (www.pastoralsiglo21.org) 25 de julio del 2018.- El Santo Padre comparte el dolor del pueblo laosiano tras el tr\u00e1gico incidente en una central hidroel\u00e9ctrica<span class=\"excerpt-hellip\"> [\u2026]<\/span><\/p>\n","protected":false},"author":2,"featured_media":6977,"comment_status":"open","ping_status":"closed","sticky":false,"template":"","format":"standard","meta":[],"categories":[14,6],"tags":[],"_links":{"self":[{"href":"https:\/\/www.arquidiocesismty.org\/arquimty\/wp-json\/wp\/v2\/posts\/6975"}],"collection":[{"href":"https:\/\/www.arquidiocesismty.org\/arquimty\/wp-json\/wp\/v2\/posts"}],"about":[{"href":"https:\/\/www.arquidiocesismty.org\/arquimty\/wp-json\/wp\/v2\/types\/post"}],"author":[{"embeddable":true,"href":"https:\/\/www.arquidiocesismty.org\/arquimty\/wp-json\/wp\/v2\/users\/2"}],"replies":[{"embeddable":true,"href":"https:\/\/www.arquidiocesismty.org\/arquimty\/wp-json\/wp\/v2\/comments?post=6975"}],"version-history":[{"count":1,"href":"https:\/\/www.arquidiocesismty.org\/arquimty\/wp-json\/wp\/v2\/posts\/6975\/revisions"}],"predecessor-version":[{"id":6976,"href":"https:\/\/www.arquidiocesismty.org\/arquimty\/wp-json\/wp\/v2\/posts\/6975\/revisions\/6976"}],"wp:featuredmedia":[{"embeddable":true,"href":"https:\/\/www.arquidiocesismty.org\/arquimty\/wp-json\/wp\/v2\/media\/6977"}],"wp:attachment":[{"href":"https:\/\/www.arquidiocesismty.org\/arquimty\/wp-json\/wp\/v2\/media?parent=6975"}],"wp:term":[{"taxonomy":"category","embeddable":true,"href":"https:\/\/www.arquidiocesismty.org\/arquimty\/wp-json\/wp\/v2\/categories?post=6975"},{"taxonomy":"post_tag","embeddable":true,"href":"https:\/\/www.arquidiocesismty.org\/arquimty\/wp-json\/wp\/v2\/tags?post=6975"}],"curies":[{"name":"wp","href":"https:\/\/api.w.org\/{rel}","templated":true}]}}