{"id":6610,"date":"2018-07-04T15:24:44","date_gmt":"2018-07-04T20:24:44","guid":{"rendered":"https:\/\/www.arquidiocesismty.org\/arquimty\/?p=6610"},"modified":"2018-07-04T15:28:01","modified_gmt":"2018-07-04T20:28:01","slug":"aumenta-cifra-de-mujeres-consagradas-en-el-ordo-virginum","status":"publish","type":"post","link":"https:\/\/www.arquidiocesismty.org\/arquimty\/aumenta-cifra-de-mujeres-consagradas-en-el-ordo-virginum\/","title":{"rendered":"Aumenta cifra de mujeres consagradas en el Ordo Virginum"},"content":{"rendered":"<p><strong>Ciudad del Vaticano<\/strong> (<a href=\"http:\/\/www.pastoralsiglo21.org\">www.pastoralsiglo21.org<\/a>) <strong>4 de julio del 2018.-<\/strong> Hoy fue presentada la Instrucci\u00f3n Ecclesiae Sponsae Imago sobre el Ordo Virginum por la Congregaci\u00f3n para los Institutos de Vida Consagrada y las Sociedades de Vida Apost\u00f3lica, que profundiza sobre las llamadas \u201cv\u00edrgenes consagradas\u201d, las mujeres que dedican su vida a la Iglesia sin necesidad de hacerse religiosas.<\/p>\n<p>El documento es el resultado de una amplia consulta, una obra sinodal a la cual asistieron obispos, v\u00edrgenes consagradas y expertos de todo el mundo para poner de relieve las especificidades y las riquezas de esta forma de vida consagrada.<\/p>\n<p>El objetivo es dar indicaciones por el aumento en la poblaci\u00f3n de esta consagraci\u00f3n alternativa.<\/p>\n<p>El prefecto de la Congregaci\u00f3n para los Institutos de Vida Consagrada y las Sociedades de Vida Apost\u00f3lica, el cardenal brasile\u00f1o Joao Braz de Aviz, asegura que \u201cen 2016 se estimaba la presencia de m\u00e1s de cinco mil v\u00edrgenes consagradas en todo el mundo y el n\u00famero va en continuo aumento\u201d.<\/p>\n<p>Hasta ahora solo exist\u00eda el ritual de consagraci\u00f3n de las v\u00edrgenes que fue renovado en 1970 durante el Concilio Vaticano II.<\/p>\n<p>El Vaticano tambi\u00e9n ha anunciado que en el 2020 se celebrar\u00e1 una reuni\u00f3n mundial de v\u00edrgenes consagradas en Roma para recordar el 50 aniversario del nuevo \u201cOrdo Consecrationis Virginum\u201d.<\/p>\n<p>En el documento se recuerda la importancia de la \u201cconsagraci\u00f3n virginal de la mujer\u201d y que \u201clas v\u00edrgenes son llamadas principalmente a seguir a Cristo, abrazando su estilo de vida casto, pobre y obediente\u201d.<\/p>\n<p>\u201cSe dedican a la oraci\u00f3n, la penitencia y las obras de misericordia, sin descuidar nunca el apostolado y abrazar el Evangelio como regla b\u00e1sica para su vida\u201d.<\/p>\n<p>Aunque el Derecho Can\u00f3nico llama orden a este tipo de vida consagrada \u2013orden de las v\u00edrgenes-, no son una orden religiosa femenina a semejanza de un instituto religioso (capuchinas benedictinas, clarisas). Utiliza la palabra \u201corden\u201d en sustituci\u00f3n de grupo, clase o categor\u00eda.<\/p>\n<p>En lo espec\u00edfico, se desarrolla en tres partes: la vocaci\u00f3n y el testimonio de la Ordo virginum, la configuraci\u00f3n de la Ordo virginum en las Iglesias particulares y en la Iglesia universal y el discernimiento vocacional y la formaci\u00f3n de la orden.<\/p>\n<p>\u201cEcclesiae imago sponsae \u2013 expres\u00f3 el Cardenal Braz de Aviz- quiere ayudar a descubrir la belleza de esta vocaci\u00f3n, y contribuir a mostrar la belleza del Se\u00f1or que transforma la vida de tantas mujeres que cada d\u00eda la experimentan\u201d.<\/p>\n<p>Las v\u00edrgenes consagradas est\u00e1n presentes en todos los continentes y ofrecen su testimonio de vida en cada \u00e1mbito de la sociedad y de la Iglesia.<\/p>\n","protected":false},"excerpt":{"rendered":"<p>Ciudad del Vaticano (www.pastoralsiglo21.org) 4 de julio del 2018.- Hoy fue presentada la Instrucci\u00f3n Ecclesiae Sponsae Imago sobre el Ordo Virginum por la Congregaci\u00f3n para los<span class=\"excerpt-hellip\"> [\u2026]<\/span><\/p>\n","protected":false},"author":2,"featured_media":6612,"comment_status":"open","ping_status":"closed","sticky":false,"template":"","format":"standard","meta":[],"categories":[4,14],"tags":[],"_links":{"self":[{"href":"https:\/\/www.arquidiocesismty.org\/arquimty\/wp-json\/wp\/v2\/posts\/6610"}],"collection":[{"href":"https:\/\/www.arquidiocesismty.org\/arquimty\/wp-json\/wp\/v2\/posts"}],"about":[{"href":"https:\/\/www.arquidiocesismty.org\/arquimty\/wp-json\/wp\/v2\/types\/post"}],"author":[{"embeddable":true,"href":"https:\/\/www.arquidiocesismty.org\/arquimty\/wp-json\/wp\/v2\/users\/2"}],"replies":[{"embeddable":true,"href":"https:\/\/www.arquidiocesismty.org\/arquimty\/wp-json\/wp\/v2\/comments?post=6610"}],"version-history":[{"count":1,"href":"https:\/\/www.arquidiocesismty.org\/arquimty\/wp-json\/wp\/v2\/posts\/6610\/revisions"}],"predecessor-version":[{"id":6611,"href":"https:\/\/www.arquidiocesismty.org\/arquimty\/wp-json\/wp\/v2\/posts\/6610\/revisions\/6611"}],"wp:featuredmedia":[{"embeddable":true,"href":"https:\/\/www.arquidiocesismty.org\/arquimty\/wp-json\/wp\/v2\/media\/6612"}],"wp:attachment":[{"href":"https:\/\/www.arquidiocesismty.org\/arquimty\/wp-json\/wp\/v2\/media?parent=6610"}],"wp:term":[{"taxonomy":"category","embeddable":true,"href":"https:\/\/www.arquidiocesismty.org\/arquimty\/wp-json\/wp\/v2\/categories?post=6610"},{"taxonomy":"post_tag","embeddable":true,"href":"https:\/\/www.arquidiocesismty.org\/arquimty\/wp-json\/wp\/v2\/tags?post=6610"}],"curies":[{"name":"wp","href":"https:\/\/api.w.org\/{rel}","templated":true}]}}