{"id":5975,"date":"2018-05-26T22:43:10","date_gmt":"2018-05-27T03:43:10","guid":{"rendered":"https:\/\/www.arquidiocesismty.org\/arquimty\/?p=5975"},"modified":"2018-05-26T22:43:10","modified_gmt":"2018-05-27T03:43:10","slug":"muchas-gracias-por-este-servicio-que-hacen-por-amor-a-dios-y-a-la-iglesia","status":"publish","type":"post","link":"https:\/\/www.arquidiocesismty.org\/arquimty\/muchas-gracias-por-este-servicio-que-hacen-por-amor-a-dios-y-a-la-iglesia\/","title":{"rendered":"Muchas gracias por este servicio que hacen por amor a Dios y a la Iglesia"},"content":{"rendered":"<p>Misa equipo Diezmo \/ Sagrario Catedral de Monterrey \/ 23 de mayo del 2018<\/p>\n<p>Hermanas y hermanos, antes de comentar brevemente la Palabra de Dios que ha sido proclamada, quiero decir dos pensamientos que justifican el que vengamos a la Eucarist\u00eda, despu\u00e9s de haber tenido la carrera del Diezmo y tambi\u00e9n por qu\u00e9 hacemos esta convivencia.<\/p>\n<p>Miren, hermanas y hermanos, la Eucarist\u00eda es siempre una escuela. En ella aprendemos las mejores virtudes humanas y las virtudes teologales.<\/p>\n<p>Y hay dos, para m\u00ed, muy importantes. Primero, aprender a decir \u201cgracias\u201d. Es el primer aprendizaje, porque la Misa se llama Eucarist\u00eda. Significa \u201cmuchas gracias\u201d.<\/p>\n<p>Y en la Misa recordamos el agradecimiento de Jes\u00fas. \u00c9l es el primero que le da gracias al Padre. Y, todos los que le seguimos a \u00c9l, aprendemos a agradecer.<\/p>\n<p>Por eso, en casa, la primera ense\u00f1anza que nos deben dar nuestros pap\u00e1s es aprender decir \u201cgracias\u201d, a entender que en la vida nadie nos debe nada, que todo es un regalo, que todo es un favor. Por eso, cuando pedimos algo, decimos, \u201cpor favor\u201d.<\/p>\n<p>Pero tambi\u00e9n cuando recibimos un favor, decimos \u201cgracias\u201d, \u201cmuchas gracias\u201d. Y esto es lo que yo quiero decirles a ustedes. Muchas gracias por este servicio y este favor que hacen a nuestra Iglesia diocesana. Lo hacen porque ustedes quieren, y quieren porque aman a Dios, aman a Cristo y a la Iglesia. Por eso, les agradezco el que colaboren con nosotros en la promoci\u00f3n del Diezmo.<\/p>\n<p>La segunda realidad que aprendemos en la Eucarist\u00eda es a amar. La Iglesia le llam\u00f3 a la Misa, \u201c\u00e1gape\u201d, amor. Pero el amor de convivencia, el amor de interrelaci\u00f3n, el amor de comunicaci\u00f3n. Y la Eucarist\u00eda es un \u00e1gape.<\/p>\n<p>Por eso tambi\u00e9n queremos unir, al agradecimiento, la convivencia. Despu\u00e9s de la Misa tendremos una sencilla convivencia, un \u00e1gape, una se\u00f1al de estima, de cari\u00f1o, de amor.<\/p>\n<p>Nos hace falta esta intercomunicaci\u00f3n, nos hace falta esta relaci\u00f3n que sale del coraz\u00f3n. Hace un mes me toc\u00f3 o\u00edr una conferencia sobre la nueva pandemia de la humanidad. Ya saben que una pandemia es una enfermedad que se generaliza. Y me dijeron que es de la soledad, la pandemia de la soledad.<\/p>\n<p>Las personas se recluyen a s\u00ed mismas y no quieren comunicarse. Tenemos que animar, promover, la buena comunicaci\u00f3n, el \u00e1gape.<\/p>\n<p>As\u00ed crecemos en estas virtudes que son humanas, pero tambi\u00e9n que vienen de Dios. Ese es el motivo de esta Misa, agradecer y crecer en comunicaci\u00f3n, para que aprendamos de Jes\u00fas las dos cosas: Eucarist\u00eda, \u201cgracias, Padre\u201d; \u00e1gape, \u201cno hay amor m\u00e1s grande que dar la vida por los amigos y ustedes son mis amigos\u201d, \u201cyo los amo como me ama a m\u00ed el Padre\u201d.<\/p>\n<p>Y la Palabra de Dios que acabamos de o\u00edr nos da dos ense\u00f1anzas. La primera, vivir siempre en la providencia divina. Dice Santiago, \u201cno planees nada sin pensar en lo que Dios tiene preparado para ti\u201d.<\/p>\n<p>Por eso es mejor, en vez de decir \u201cvoy a hacer esto, voy a hacer aquello\u201d, decir, \u201csi Dios lo permite har\u00e9 esto y har\u00e9 aquello\u201d.<\/p>\n<p>Qu\u00e9 importante es tener esto en nuestro coraz\u00f3n, sobre todo los que andamos siempre con la agenda. Qu\u00e9 importante no olvidar, aunque tengamos un trayecto, suponemos que vamos a estar m\u00e1s d\u00edas en este mundo, no hay que olvidar, \u201csi Dios lo permite\u201d. Nosotros vivimos cada minuto, cada d\u00eda, con esta conciencia de que dependemos de Dios.<\/p>\n<p>\u201cSi \u00c9l quiere, si \u00c9l lo decide, hago esto, hago aquello\u201d. Es una ense\u00f1anza muy bonita. Dice textualmente, \u201c\u00bfqu\u00e9 cosa es la vida de ustedes? Una nubecilla que se ve un rato y luego desvanece.<\/p>\n<p>As\u00ed es la vida, por eso ustedes deber\u00edan decir \u201charemos esto si el Se\u00f1or nos presta vida\u201d. Siempre esto hay que hacerlo nuestro.<\/p>\n<p>La ense\u00f1anza de Jes\u00fas en el Evangelio, dice \u201ctodo aqu\u00e9l que no est\u00e1 en contra de nosotros, est\u00e1 a nuestro favor\u201d. Es un modo de sentir que hoy habla mucho la administraci\u00f3n, ser asertivo. Es decir, tener una mirada positiva siempre de los acontecimientos y de la gente.<\/p>\n<p>El que ve todo oscuro, el que ve que todo est\u00e1 mal, que es un caos el pa\u00eds, que nadie es bueno, que es pura tranza, \u00bfc\u00f3mo puede mirar las cosas y la historia positivamente?<\/p>\n<p>No mires mal lo que realmente no est\u00e1 mal. \u201cTodo el que no est\u00e1 contra nosotros, est\u00e1 a nuestro favor\u201d. Cu\u00e1ntas cosas est\u00e1n a nuestro favor, y, por engancharnos con un problema, con una persona que nos ha hecho algo, perdemos el piso.<\/p>\n<p>Dec\u00eda el Papa san Juan Pablo II, \u201cpara que haya comuni\u00f3n primero hay que ver lo positivo\u201d. Si nadie est\u00e1 en contra de nosotros, est\u00e1 a nuestro favor.<\/p>\n<p>Vamos a pedirle al Se\u00f1or estas cuatro cosas, saber agradecer; la segunda, saber convivir; tercera, ponernos siempre en la providencia divina, \u201csi Dios nos presta vida\u201d; y, cuarta, mirar a la gente bien. Hay mucha gente buena, \u00bfpara qu\u00e9 nos lamentamos de los poquitos que no lo son? Dice el Se\u00f1or, \u201ctodo aquel que no est\u00e1 en contra de nosotros, est\u00e1 a nuestro favor\u201d.<\/p>\n","protected":false},"excerpt":{"rendered":"<p>Misa equipo Diezmo \/ Sagrario Catedral de Monterrey \/ 23 de mayo del 2018 Hermanas y hermanos, antes de comentar brevemente la Palabra de Dios que<span class=\"excerpt-hellip\"> [\u2026]<\/span><\/p>\n","protected":false},"author":6,"featured_media":5976,"comment_status":"open","ping_status":"closed","sticky":false,"template":"","format":"standard","meta":[],"categories":[13],"tags":[],"_links":{"self":[{"href":"https:\/\/www.arquidiocesismty.org\/arquimty\/wp-json\/wp\/v2\/posts\/5975"}],"collection":[{"href":"https:\/\/www.arquidiocesismty.org\/arquimty\/wp-json\/wp\/v2\/posts"}],"about":[{"href":"https:\/\/www.arquidiocesismty.org\/arquimty\/wp-json\/wp\/v2\/types\/post"}],"author":[{"embeddable":true,"href":"https:\/\/www.arquidiocesismty.org\/arquimty\/wp-json\/wp\/v2\/users\/6"}],"replies":[{"embeddable":true,"href":"https:\/\/www.arquidiocesismty.org\/arquimty\/wp-json\/wp\/v2\/comments?post=5975"}],"version-history":[{"count":3,"href":"https:\/\/www.arquidiocesismty.org\/arquimty\/wp-json\/wp\/v2\/posts\/5975\/revisions"}],"predecessor-version":[{"id":5980,"href":"https:\/\/www.arquidiocesismty.org\/arquimty\/wp-json\/wp\/v2\/posts\/5975\/revisions\/5980"}],"wp:featuredmedia":[{"embeddable":true,"href":"https:\/\/www.arquidiocesismty.org\/arquimty\/wp-json\/wp\/v2\/media\/5976"}],"wp:attachment":[{"href":"https:\/\/www.arquidiocesismty.org\/arquimty\/wp-json\/wp\/v2\/media?parent=5975"}],"wp:term":[{"taxonomy":"category","embeddable":true,"href":"https:\/\/www.arquidiocesismty.org\/arquimty\/wp-json\/wp\/v2\/categories?post=5975"},{"taxonomy":"post_tag","embeddable":true,"href":"https:\/\/www.arquidiocesismty.org\/arquimty\/wp-json\/wp\/v2\/tags?post=5975"}],"curies":[{"name":"wp","href":"https:\/\/api.w.org\/{rel}","templated":true}]}}