{"id":5788,"date":"2018-05-21T11:45:44","date_gmt":"2018-05-21T16:45:44","guid":{"rendered":"https:\/\/www.arquidiocesismty.org\/arquimty\/?p=5788"},"modified":"2018-05-21T23:10:17","modified_gmt":"2018-05-22T04:10:17","slug":"dios-llama-por-amor-y-con-los-dones-necesarios","status":"publish","type":"post","link":"https:\/\/www.arquidiocesismty.org\/arquimty\/dios-llama-por-amor-y-con-los-dones-necesarios\/","title":{"rendered":"\u00a1Dios llama por amor y con los dones necesarios!"},"content":{"rendered":"<p>Siervos de nuestro Se\u00f1or Jesucristo \/ 14 de mayo del 2018<\/p>\n<p>Primero, me da mucho gusto volverlos a visitar. Cuando ven\u00eda en el camino, venia pensando que son muy atrevidos ustedes, fundar una comunidad en tiempos de sequ\u00eda, cuando todo nos dice que no hay vocaciones.<\/p>\n<p>Una palabra del Papa ha sido muy oportuna. Recuerdan cuando le dijeron de la crisis vocacional, dijo, \u201cno me salgan con ese cuento chino, no es que no haya vocaciones, es que Dios tiene el modo de llamar en cada momento, de modo distinto, pero siempre llama\u201d. Porque Dios no deja de llamar.<\/p>\n<p>Entonces quiero animarlos, a ustedes muchachos, como ustedes las hermanas, a caminar sin miedo. En muchos pasajes de la Sagrada Escritura, en el Antiguo y Nuevo Testamento, nos motivan a creer en los milagros.<\/p>\n<p>Recuerdan el milagro de la pesca milagrosa, no hab\u00edan podido pescar en toda la noche y Jes\u00fas les pide hacer algo que parece no lo m\u00e1s recomendable. \u00bfQui\u00e9n pesca en la ma\u00f1ana? Solamente los que no saben. La pesca se hace en la noche, es cuando los peces est\u00e1n atarugados y se les puede pescar.<\/p>\n<p>Y Jes\u00fas le dice a Pedro, en el d\u00eda, \u201cvamos a pescar\u201d. El Se\u00f1or le dice para d\u00f3nde y Pedro le cree y lo hace. Tambi\u00e9n los profetas, sobretodo, Isa\u00edas, cu\u00e1ntas veces animaron a ver de modo positivo el futuro. El Se\u00f1or puede hacer que un desierto se convierta en jard\u00edn, que ah\u00ed donde no hay agua haya caudales y manantiales.<\/p>\n<p>As\u00ed es que corrijo mi pensamiento, en el sentido que hay que ponerse en las manos de Dios. Est\u00e1 re-dif\u00edcil iniciar una fundaci\u00f3n en estos tiempos, pero quiero animarlos. Dios hace lo m\u00e1s, a nosotros nos toca lo menos, pero no podemos dejar se hacer la partecita que nos toca.<\/p>\n<p>Jes\u00fas dijo, no me eligieron ustedes, yo fui quien los eleg\u00ed\u201d, \u201cya no los llamo siervos, los llamo amigos\u201d. Y esta es la llamada que Dios les hace a ustedes, hermanas y hermanos j\u00f3venes.<\/p>\n<p>As\u00ed es que con mucha esperanza hay que echar las redes, porque el mundo necesita a Jes\u00fas y esta es la raz\u00f3n de ser de esta obra. Hay que predicar en el desierto y el Se\u00f1or los quiere como predicadores llenos del Esp\u00edritu, no solo hablar por hablar, de aprovecharse del discurso, no.<\/p>\n<p>Es predicar con el Esp\u00edritu, es decir, que la Palabra no quede como palabra, sino que sea realidad. As\u00ed como Cristo, la Palabra hecha carne, la predicaci\u00f3n tiene como fin que la Palabra se haga carne en la gente. Que la Palabra no quede en una idea, sino que pase siempre a la vida. Y este es el momento que vivimos, tanto en el mundo, como en la Iglesia.<\/p>\n<p>La segunda cosa que quer\u00eda comentar, es hoy la fiesta de san Mat\u00edas. San Mat\u00edas que es ap\u00f3stol por una rifa, por unas suertes. \u00bfQu\u00e9 quiere decir esto? Que no lo merec\u00eda y que as\u00ed es el llamado de Dios. No es porque t\u00fa lo merezcas, sino porque Dios, de alg\u00fan modo no voluntario de las personas, lo ha querido. F\u00edjense qu\u00e9 inteligentes los ap\u00f3stoles. Cuando uno toma una decisi\u00f3n es muy peligroso, porque uno puede parecer que se pone de parte de uno y desprecia a otro.<\/p>\n<p>Eran dos candidatos. Jos\u00e9, con mucho, ten\u00eda una fama m\u00e1s grande que Mat\u00edas. Los dos eran buenos, pero Jos\u00e9 era m\u00e1s famoso, hasta le dec\u00edan \u201cel justo\u201d. Y hacen el sorteo entre Jos\u00e9 y Mat\u00edas con la \u00fanica condici\u00f3n de que ambos tuvieran la experiencia de Jes\u00fas. Y queda al final Mat\u00edas.<\/p>\n<p>Se gan\u00f3 la rifa. Esto nos hace pensar a nosotros c\u00f3mo los caminos de Dios, aunque parecen casualidades, circunstancias, ocasiones, es as\u00ed como Dios act\u00faa. Y uno se pone a pensar c\u00f3mo la vida de uno tiene muchas circunstancias que en el mundo pasar\u00edan como meras casualidades, pero que en el proyecto de Dios nosotros les llamamos \u201cprovidencia\u201d.<\/p>\n<p>Conocimos a alguien sin haberlo planeado, o\u00edmos una predicaci\u00f3n sin haberla esperado, hubo un acontecimiento de nuestra vida que no hubiera ocurrido. As\u00ed la vida est\u00e1 cargada de estas cosas no intencionales. Todo parece as\u00ed de casualidad, pero esto nos ayuda tambi\u00e9n a no exigir un reconocimiento y un m\u00e9rito, que la llamada de Dios es siempre gratuita, porque ellos no compraron boleto para la rifa.<\/p>\n<p>Les toc\u00f3 y le toc\u00f3 a Mat\u00edas. Siempre me llama la atenci\u00f3n esta elecci\u00f3n de Mat\u00edas, y yo creo que ilustra nuestro camino. Todo parece accidental, pero es providencial. Todo ocurre como sin haberlo planeado, pero Dios s\u00ed tiene un proyecto. Pero, abusados, porque tambi\u00e9n nosotros podemos salirnos del carril, porque Dios nos dio un gran regalo, la libertad, porque nos ama.<\/p>\n<p>Hoy en el Evangelio hablo del amor. El amor no es imposici\u00f3n, el amor es en libertad, porque libremente somos amados y libremente tambi\u00e9n amamos. Recuerdan aquellas palabras de Cristo cuando dijo, \u201cyo doy la vida, no porque me la quiten, sino porque quiero darla\u201d.<\/p>\n<p>Entonces tambi\u00e9n en esto de la vocaci\u00f3n asumimos una grande responsabilidad, que el papa Francisco llama \u201cel discernimiento\u201d. Pero para que el discernimiento sea como Dios lo quiere, tenemos que hacerlo en la gracia.<\/p>\n<p>Yo les dec\u00eda a los seminaristas, si se van a ir v\u00e1yanse del seminario el d\u00eda que est\u00e9n contentos, porque es una se\u00f1al que es una decisi\u00f3n bien tomada. Si te vas cuando te enojaste ya tu mente y tu coraz\u00f3n no tienen la libertad para tomar la mejor decisi\u00f3n, se requiere la gracia, es decir, el amor.<\/p>\n<p>Y por eso en el discernimiento cuando nos preguntamos y le preguntamos a Dios qu\u00e9 quiere de nosotros, tenemos que hacerlo en gracia, reconciliados, con mucho fervor.<\/p>\n<p>Y el Se\u00f1or, aunque algunos ya tomamos una decisi\u00f3n y hay una se\u00f1al objetiva de que el Se\u00f1or nos llam\u00f3. El padre Salvador, a un servidor, a las hermanas que traen su escapulario negro, ya hay una se\u00f1al objetiva de que el Se\u00f1or nos llama.<\/p>\n<p>Y si nosotros queremos modificar la decisi\u00f3n, ya es una cosa muy costosa, que yo no culpo a quien haga lo contrario ni lo veo mal, pero es algo muy serio. Tiene que ser muy duro modificar una decisi\u00f3n de esa naturaleza. Respeto, pero, gracias a Dios, yo ya estoy m\u00e1s para all\u00e1 que para ac\u00e1.<\/p>\n<p>Lo he dicho tambi\u00e9n cuando me preguntan de mi vocaci\u00f3n, tuve muchas dudas antes de ordenarme, por todo lo que ve\u00eda por todos lados. Me toc\u00f3 una \u00e9poca cr\u00edtica de la Iglesia. Precisamente en el pontificado del Papa Pablo VI, fue una situaci\u00f3n muy especial. El Concilio cimbr\u00f3 a la Iglesia y entramos en un proceso bien complicado.<\/p>\n<p>Qu\u00e9 complicado los a\u00f1os 65 al 75, por poner un periodo de tiempo. Yo tuve muchas dudas de ordenarme sacerdote, pero digo tambi\u00e9n que, desde el d\u00eda que me orden\u00e9 sacerdote, Dios me dio el regalo de jam\u00e1s dudar de esa decisi\u00f3n.<\/p>\n<p>Esto es lo que le tenemos que pedir hermanas que son perpetuas y nosotros sacerdotes, que nos d\u00e9 fuerza para permanecer. Hoy hablaba el Evangelio de permanecer, que podamos librar los escollos, las dificultades. Porque el camino de Dios nunca es un camino en alfombra roja. Es siempre en empedrada, en complicaciones.<\/p>\n<p>Pero tambi\u00e9n con muchas cosas bellas que Dios nos regala sin merecer. C\u00f3mo \u00c9l nos da la alegr\u00eda como un don no merecido, el gozo de vivir, el gozo de compartir la Palabra. C\u00f3mo Dios se vale de uno para llevar cosas que nadie puede dar sino solo Dios.<\/p>\n<p>Entonces, \u00e1nimo, \u00e9chenle ganas, p\u00f3rtense bien, porque es lo que dice el Se\u00f1or, el que me ama cumple mis mandamientos. P\u00f3rtense bien y el Se\u00f1or les indicar\u00e1 si este es el camino. Ustedes que est\u00e1n en proceso formativo, p\u00eddanle al Se\u00f1or la luz Uno qu\u00e9 quisiera que todos seamos sacerdotes, que ellas sean religiosas hasta que la muerte llegue. Pero el Se\u00f1or tambi\u00e9n respeta libertades, pero hay que hacerlo con mucho cuidado, con mucha serenidad.<\/p>\n<p>Ya saben que cuentan siempre con mi apoyo, con mi bendici\u00f3n. El carisma que Dios ha suscitado, \u00c9l tambi\u00e9n lo acompa\u00f1ar\u00e1. El carisma de la Palabra, de la alegr\u00eda, que hoy hace tanta falta a la gente. Una palabra llena de gozo, llena de esperanza, una palabra cantada, como Mar\u00eda que canta siempre la Palabra del Se\u00f1or.<\/p>\n<p>El Se\u00f1or quiere que vivamos la experiencia de comunidad, de familia, inclusive, aquellos que se van de anacoretas. No se van porque rechacen vivir en comunidad, sino porque quer\u00edan tener una experiencia de soledad como lo hac\u00eda Jes\u00fas tambi\u00e9n. Hay momentos en los que te las tienes que ver en un momento personal con Dios. \u00a0Pero el Se\u00f1or nos quiere en comunidad, nunca piensen que es mejor estar solo.<\/p>\n<p>Las primeras palabras que dijo Dios, fue, \u201cno es bueno que el hombre est\u00e9 solo\u201d. No sol palabras solo para el matrimonio, son palabras para todo el ser humano.<\/p>\n<p>Y lo tercero es encontrar cu\u00e1l es el lugar que Dios nos da en la Iglesia, cu\u00e1l es el carisma recibido, primero, como comunidad, pero tambi\u00e9n como persona. Descubrir que, aunque algunos pareciera que no tuviera una cualidad, ah\u00ed hay una cualidad que el Se\u00f1or nos da, solo hay que descubrirla y no querer la del otro.<\/p>\n<p>Nunca hay que querer lo que a otro Dios le ha regalado, sino valorar lo que el Se\u00f1or nos da y que nunca es poquito, solo que a veces uno piensa que es poquito, siempre nos da much\u00edsimo.<\/p>\n<p>San Pablo cuando habla del cuerpo, dice, \u201cimaginen que todo fuera ojo\u201d. Gracias a Dios est\u00e1 este intercambio, y que uno tiene que valorarlo y no apocarse, nunca apocarse. Los complejos de inferioridad no son de Dios, siempre ver con optimismo nuestra vida.<\/p>\n","protected":false},"excerpt":{"rendered":"<p>Siervos de nuestro Se\u00f1or Jesucristo \/ 14 de mayo del 2018 Primero, me da mucho gusto volverlos a visitar. Cuando ven\u00eda en el camino, venia pensando<span class=\"excerpt-hellip\"> [\u2026]<\/span><\/p>\n","protected":false},"author":6,"featured_media":5793,"comment_status":"open","ping_status":"closed","sticky":false,"template":"","format":"standard","meta":[],"categories":[13],"tags":[],"_links":{"self":[{"href":"https:\/\/www.arquidiocesismty.org\/arquimty\/wp-json\/wp\/v2\/posts\/5788"}],"collection":[{"href":"https:\/\/www.arquidiocesismty.org\/arquimty\/wp-json\/wp\/v2\/posts"}],"about":[{"href":"https:\/\/www.arquidiocesismty.org\/arquimty\/wp-json\/wp\/v2\/types\/post"}],"author":[{"embeddable":true,"href":"https:\/\/www.arquidiocesismty.org\/arquimty\/wp-json\/wp\/v2\/users\/6"}],"replies":[{"embeddable":true,"href":"https:\/\/www.arquidiocesismty.org\/arquimty\/wp-json\/wp\/v2\/comments?post=5788"}],"version-history":[{"count":3,"href":"https:\/\/www.arquidiocesismty.org\/arquimty\/wp-json\/wp\/v2\/posts\/5788\/revisions"}],"predecessor-version":[{"id":5856,"href":"https:\/\/www.arquidiocesismty.org\/arquimty\/wp-json\/wp\/v2\/posts\/5788\/revisions\/5856"}],"wp:featuredmedia":[{"embeddable":true,"href":"https:\/\/www.arquidiocesismty.org\/arquimty\/wp-json\/wp\/v2\/media\/5793"}],"wp:attachment":[{"href":"https:\/\/www.arquidiocesismty.org\/arquimty\/wp-json\/wp\/v2\/media?parent=5788"}],"wp:term":[{"taxonomy":"category","embeddable":true,"href":"https:\/\/www.arquidiocesismty.org\/arquimty\/wp-json\/wp\/v2\/categories?post=5788"},{"taxonomy":"post_tag","embeddable":true,"href":"https:\/\/www.arquidiocesismty.org\/arquimty\/wp-json\/wp\/v2\/tags?post=5788"}],"curies":[{"name":"wp","href":"https:\/\/api.w.org\/{rel}","templated":true}]}}