{"id":4853,"date":"2018-03-24T08:08:02","date_gmt":"2018-03-24T14:08:02","guid":{"rendered":"https:\/\/www.arquidiocesismty.org\/arquimty\/?p=4853"},"modified":"2018-03-24T15:11:44","modified_gmt":"2018-03-24T21:11:44","slug":"san-jose-patriarca-de-la-fe","status":"publish","type":"post","link":"https:\/\/www.arquidiocesismty.org\/arquimty\/san-jose-patriarca-de-la-fe\/","title":{"rendered":"San Jos\u00e9, patriarca de la fe"},"content":{"rendered":"<p>Novenario Parroquia san Jos\u00e9 esposo de la Virgen Mar\u00eda, Apodaca \/ 15 de marzo del 2018<\/p>\n<p>Hermanos y hermanas, gracias por venir esta tarde a celebrar la fiesta del santo Patrono, san Jos\u00e9, el esposo de la Virgen Mar\u00eda, que celebramos el 19 de marzo.<\/p>\n<p>Agradezco la presencia del se\u00f1or alcalde y de su esposa, y tambi\u00e9n de mis hermanos sacerdotes. Gracias por venir a honrar la memoria de san Jos\u00e9.<\/p>\n<p>En estos d\u00edas de novena no queremos distraernos mucho del santo tiempo de Cuaresma. Pero, si o\u00edmos con cuidado la Palabra de Dios, seguramente encontraremos una luz para comprender mejor la misi\u00f3n de san Jos\u00e9, el esposo de la Virgen Mar\u00eda.<\/p>\n<p>Miren, en las Escrituras dice el ap\u00f3stol san Pablo, \u201ctodo lo que sucedi\u00f3 en el Antiguo Testamento era figura, imagen, de lo que sucedi\u00f3 en tiempos de Jes\u00fas\u201d.<\/p>\n<p>Siempre hay parecidos, hombres y mujeres del Antiguo Testamento que se parecen al Nuevo Testamento. Hay un parecido muy grande entre los patriarcas del Antiguo Testamento y san Jos\u00e9.<\/p>\n<p>Le decimos con toda raz\u00f3n: \u201cEl patriarca san Jos\u00e9\u201d. Un patriarca como Abraham, Isaac y Jacob y otros m\u00e1s que aparecen, sobretodo, en el Pentateuco, en el libro del G\u00e9nesis.<\/p>\n<p>\u00bfEllos en qu\u00e9 se distinguen? \u00bfDe qu\u00e9 son patriarcas? Son patriarcas de la fe. Abraham es patriarca de la fe. \u00c9l ense\u00f1a a todos los seres humanos de todos los tiempos, c\u00f3mo se cree en Dios. Es el padre de la fe.<\/p>\n<p>Y tambi\u00e9n, en los Evangelios, cuando se habla de san Jos\u00e9, aunque son muy pocas las veces que aparece su nombre, hay una referencia bell\u00edsima. Cuando se habla de \u00e9l dice que era un hombre justo, un hombre de fe. \u00c9l es patriarca de la fe.<\/p>\n<p>\u00bfQu\u00e9 es la fe? Es creer contra toda esperanza. Cuando todos ven el panorama oscuro, los hombres de fe alcanzan a ver una peque\u00f1a luz en la vida.<\/p>\n<p>As\u00ed le paso a Abraham, el Se\u00f1or le dijo, \u201ctienes que salir de tu tierra y yo te indicar\u00e9 a d\u00f3nde tienes que ir\u201d. \u00c9l no llevaba todas las seguridades de la vida, asume un camino de aventura, solo le acompa\u00f1a en el coraz\u00f3n una seguridad, que Dios es su compa\u00f1ero. Y se atreve a salir y enfrenta un sin n\u00famero de problemas, pero \u00e9l sigue siendo fiel.<\/p>\n<p>Abraham, demuestra que la fe es creer contra toda esperanza, que los hombres de fe son los que, a pesar de la adversidad, se mantienen con \u00e1nimo y siguen adelante.<\/p>\n<p>Esa es la historia de san Jos\u00e9, patriarca de la fe. \u00e9l no ten\u00eda todo a la mano, ni ten\u00eda todo para entenderlo y comprenderlo. Siempre se enfrenta al misterio de la presencia de Dios.<\/p>\n<p>\u00c9l ve a su hijo, \u00e9l ve a Mar\u00eda. Los ve, primero, en su naturaleza humana, pero en la fe alcanza a descubrir que Mar\u00eda tiene una misi\u00f3n, que es Madre de Jes\u00fas y que es el Esp\u00edritu Santo quien ha intervenido. Al mismo tiempo ve a Jes\u00fas, su hijo adoptivo, y va descubriendo en el tiempo de caminar, que ese hijo suyo es en verdad el Hijo de Dios.<\/p>\n<p>Porque, hermanos, la fe es una aventura, no todo se tiene en las manos, no todo es seguro, el hombre de fe, la mujer de fe, camina sin todas las seguridades. Lo \u00fanico que lleva en el coraz\u00f3n, es la certeza de que Dios es su amigo.<\/p>\n<p>Esta es la misi\u00f3n de san Jos\u00e9, patriarca de la fe. Por eso la Iglesia lo mira con cari\u00f1o y devoci\u00f3n. De \u00e9l aprendemos a vivir en la fe. Pero tambi\u00e9n hoy el Evangelio, nos habla acerca de Jes\u00fas.<\/p>\n<p>Tambi\u00e9n hay un personaje en el Antiguo Testamento, Mois\u00e9s, \u00bfEn qu\u00e9 se parecen Mois\u00e9s y Jes\u00fas? Y, desde luego, \u00bfen qu\u00e9 lo supera Jes\u00fas, el Hijo de Dios? Se parecen en tres cosas: oyen la voz de Dios, miran el rostro de Dios e interceden por el pueblo.<\/p>\n<p>De esto nos habl\u00f3 el Antiguo Testamento y Jes\u00fas har\u00e1 alusi\u00f3n a Mois\u00e9s. Mois\u00e9s es el amigo de Dios, es el administrador de la casa de Dios, Mois\u00e9s oye la voz de Dios, Mois\u00e9s conoce su rostro o quiere ver su rostro.<\/p>\n<p>Dir\u00e1 la historia de Mois\u00e9s que, despu\u00e9s de que \u00e9l se encuentra con el Se\u00f1or, en el monte Sina\u00ed, y baja, la gente no alcanzaba a mirarle la cara a Mois\u00e9s, porque tra\u00eda un gran resplandor, hab\u00eda visto a Dios, pero tambi\u00e9n, y lo m\u00e1s bonito, es que Mois\u00e9s intercede por su pueblo.<\/p>\n<p>El pueblo, mientras Mois\u00e9s est\u00e1 ausente, fabrica un \u00eddolo y lo adora, un acto de idolatr\u00eda abominable. El Se\u00f1or le dice a Mois\u00e9s, \u201cvoy a arrasar con este pueblo\u201d, y Mois\u00e9s le dice, \u201cno\u201d.<\/p>\n<p>Aunque Dios le prometi\u00f3 algo, si \u00e9l hubiera sido ego\u00edsta lo hubiera aceptado. Dice, \u201cvoy arrasar a este pueblo, pero a ti te har\u00e9 parte de otro pueblo\u201d. Y Mois\u00e9s le dice al Se\u00f1or que tenga compasi\u00f3n de su pueblo.<\/p>\n<p>\u00bfQu\u00e9 van a decir los egipcios acerca de Dios? \u00bfQu\u00e9 los enga\u00f1\u00f3? \u00bfQu\u00e9 los sac\u00f3 de Egipto para matarlos? El Se\u00f1or renunci\u00f3 al deseo que tenia de exterminar al pueblo por la intercesi\u00f3n de Mois\u00e9s.<\/p>\n<p>As\u00ed hemos o\u00eddo estos d\u00edas, en esta semana, llamada semana de la alegr\u00eda, que Jes\u00fas intercede por nosotros. Dijo \u00c9l mismo, \u201cyo no he venido a condenar, sino que he venido a salvar\u201d<\/p>\n<p>Y por eso cuando la gente se niega a reconocerlo, dice \u00c9l, \u201chay testimonios de que yo soy el enviado del Padre: el testimonio de Juan el Bautista y el testimonio de Mois\u00e9s\u201d.<\/p>\n<p>Mois\u00e9s, es testigo de que Jes\u00fas es el enviado del Padre. Porque Cristo oye al Padre, ve su rostro e intercede por el pueblo.<\/p>\n<p>F\u00edjense qu\u00e9 coincidencias tan bonitas en la Escritura. San Jos\u00e9, patriarca de la fe, al estilo de Abraham, al estilo de Isaac y de Jacob; pero tambi\u00e9n, y lo m\u00e1s importante desde luego, es que Jes\u00fas es como el nuevo Mois\u00e9s. Y muy arriba de Mois\u00e9s, porque Mois\u00e9s era un ser humano nada m\u00e1s, un gran hombre, amigo de Dios. Pero Jes\u00fas es el Hijo de Dios. Hay una diferencia infinita.<\/p>\n<p>Por eso el Se\u00f1or nos llama a creer en \u00c9l, creer en Jes\u00fas. \u00c9l no da testimonio de s\u00ed mismo, ah\u00ed est\u00e1 la Escritura, ah\u00ed est\u00e1 Mois\u00e9s, que hablan acerca de Jes\u00fas.<\/p>\n<p>Vamos a pedir hoy durante esta misa, y desde luego en todo el novenario, vamos a pedirle al Se\u00f1or, por intercesi\u00f3n de san Jos\u00e9, y desde luego, de su esposa la Virgen Mar\u00eda, vamos a pedirle al Se\u00f1or, que ustedes y yo seamos personas llenas de fe, que tengamos fe, que luchemos en la aventura de la vida, manteniendo nuestro coraz\u00f3n en la seguridad de que Dios nos ama.<\/p>\n<p>Pero tambi\u00e9n haciendo un acto de fe, porque la fe no es solo un sentimiento vago de creer en Dios. Es, sobretodo, creer en Jes\u00fas y creerle a \u00c9l. Que el Se\u00f1or nos d\u00e9 el regalo m\u00e1s grande que puede darnos, el don de la fe.<\/p>\n","protected":false},"excerpt":{"rendered":"<p>Novenario Parroquia san Jos\u00e9 esposo de la Virgen Mar\u00eda, Apodaca \/ 15 de marzo del 2018 Hermanos y hermanas, gracias por venir esta tarde a celebrar<span class=\"excerpt-hellip\"> [\u2026]<\/span><\/p>\n","protected":false},"author":6,"featured_media":4865,"comment_status":"open","ping_status":"closed","sticky":false,"template":"","format":"standard","meta":[],"categories":[13],"tags":[],"_links":{"self":[{"href":"https:\/\/www.arquidiocesismty.org\/arquimty\/wp-json\/wp\/v2\/posts\/4853"}],"collection":[{"href":"https:\/\/www.arquidiocesismty.org\/arquimty\/wp-json\/wp\/v2\/posts"}],"about":[{"href":"https:\/\/www.arquidiocesismty.org\/arquimty\/wp-json\/wp\/v2\/types\/post"}],"author":[{"embeddable":true,"href":"https:\/\/www.arquidiocesismty.org\/arquimty\/wp-json\/wp\/v2\/users\/6"}],"replies":[{"embeddable":true,"href":"https:\/\/www.arquidiocesismty.org\/arquimty\/wp-json\/wp\/v2\/comments?post=4853"}],"version-history":[{"count":2,"href":"https:\/\/www.arquidiocesismty.org\/arquimty\/wp-json\/wp\/v2\/posts\/4853\/revisions"}],"predecessor-version":[{"id":4872,"href":"https:\/\/www.arquidiocesismty.org\/arquimty\/wp-json\/wp\/v2\/posts\/4853\/revisions\/4872"}],"wp:featuredmedia":[{"embeddable":true,"href":"https:\/\/www.arquidiocesismty.org\/arquimty\/wp-json\/wp\/v2\/media\/4865"}],"wp:attachment":[{"href":"https:\/\/www.arquidiocesismty.org\/arquimty\/wp-json\/wp\/v2\/media?parent=4853"}],"wp:term":[{"taxonomy":"category","embeddable":true,"href":"https:\/\/www.arquidiocesismty.org\/arquimty\/wp-json\/wp\/v2\/categories?post=4853"},{"taxonomy":"post_tag","embeddable":true,"href":"https:\/\/www.arquidiocesismty.org\/arquimty\/wp-json\/wp\/v2\/tags?post=4853"}],"curies":[{"name":"wp","href":"https:\/\/api.w.org\/{rel}","templated":true}]}}