{"id":4556,"date":"2018-03-15T14:08:15","date_gmt":"2018-03-15T20:08:15","guid":{"rendered":"https:\/\/www.arquidiocesismty.org\/arquimty\/?p=4556"},"modified":"2018-03-20T00:00:21","modified_gmt":"2018-03-20T06:00:21","slug":"9-sacerdotes-de-monterrey-estudian-en-roma","status":"publish","type":"post","link":"https:\/\/www.arquidiocesismty.org\/arquimty\/9-sacerdotes-de-monterrey-estudian-en-roma\/","title":{"rendered":"18 SACERDOTES DE MONTERREY REALIZAN ESTUDIOS DE ESPECIALIZACI\u00d3N"},"content":{"rendered":"<p><strong>Por Juan Pablo V\u00e1zquez Rodr\u00edguez<\/strong><\/p>\n<p><strong>Monterrey ,N.L. (<a href=\"http:\/\/www.pastoralsiglo21.org\/\" target=\"_blank\" rel=\"noopener nofollow\" data-ft=\"{&quot;tn&quot;:&quot;-U&quot;}\" data-lynx-mode=\"asynclazy\" data-lynx-uri=\"https:\/\/l.facebook.com\/l.php?u=http%3A%2F%2Fwww.pastoralsiglo21.org%2F&amp;h=ATOlz_LC_ptnZY7d5E1xv7nluxsxZRRSjavY2RQ5eEV8lAfDh4z_ev48T07R6uuI4pCyLkrLuusezKBsg3FUusw8weqH_ye9VOy7dBiImmab-5skJlHz6CkbgnLCGfdRYTxBWO6rIQ\">www.pastoralsiglo21.org<\/a>).- 15 de marzo 2018.<\/strong> La formaci\u00f3n permanente del sacerdote, es un aspecto fundamental para el llamado que han recibido de Dios, pero no solo para su persona, sino tambi\u00e9n para bien de toda la Iglesia diocesana de la que forman parte.<\/p>\n<p>Por ello, todos los sacerdotes tienen espacios para su crecimiento espiritual, humano e intelectual. Muchos de los recursos promovidos por la Comisi\u00f3n del Clero,\u00a0<span class=\"text_exposed_show\">la cual tiene como objetivo que el presb\u00edtero fortalezca su identidad sacerdotal, creciendo integralmente para que configur\u00e1ndose con Jes\u00fas, el Buen Pastor, viva la caridad pastoral.<\/span><\/p>\n<div class=\"text_exposed_show\">\n<p>Adem\u00e1s, debido a las necesidad de tener sacerdotes especializados en diversas disciplinas de la teolog\u00eda, la filosof\u00eda y humanismo, el Obispo env\u00eda a un grupo de sacerdotes para estudiar una licenciatura, maestr\u00eda o doctorado en alguna Universidad de Roma\u00a0y en la Pontificia Universidad de M\u00e9xico.<\/p>\n<p>Actualmente, nuestra Iglesia de Monterrey cuenta con 11 sacerdotes estudiando en Roma y un sacerdote apoyando en la atenci\u00f3n de sus hermanos que estudian y viven en el Colegio Mexicano, casa de residencia de quienes all\u00e1 se encuentran.<\/p>\n<p>Los sacerdotes que actualmente estudian en Roma son:<\/p>\n<p>\u2022 Pbro. Daniel Alejandro Fr\u00edas Calder\u00f3n<br \/>\n\u2022 Pbro. Diego Arrambide de la Garza<br \/>\n\u2022 Pbro. Esteban El\u00ed Flores Hermosillo<br \/>\n\u2022 Pbro. Jes\u00fas Carrera Garza<br \/>\n\u2022 Pbro. Jes\u00fas Jorge Moreno Cruz<br \/>\n\u2022 Pbro. Jos\u00e9 Francisco Gallardo Viera<br \/>\n\u2022 Pbro. Rodrigo Eliseo S\u00e1nchez Gonz\u00e1lez<br \/>\n\u2022 Pbro. Vicente D\u00edaz Aldaco<br \/>\n\u2022 Pbro. Jos\u00e9 Luis Fern\u00e1ndez Guajardo<br \/>\n\u2022 Pbro. Erick Adri\u00e1n Leal Ibarra<\/p>\n<p>Pbro. Jos\u00e9 Adrian Mendoza Pedroza<\/p>\n<p>Pbro .Jes\u00fas Hernandez Moyeda<\/p>\n<p>\u2022 Pbro. Edwin Alberto Romo Garc\u00eda<br \/>\n\u2022 Pbro. Ruperto Antonio Reyes Pe\u00f1a (Prefecto de Estudios en el Colegio Mexicano)<\/p>\n<p>En la ciudad de M\u00e9xico, se encuentra la Universidad Pontificia de M\u00e9xico, donde tambi\u00e9n estudian 5 sacerdotes m\u00e1s de nuestra Iglesia de Monterrey:<\/p>\n<p>. Pbro. H\u00e9ctor David Carrizales Maldonado<br \/>\n. Pbro. Jaime Francisco Correa Mart\u00ednez<br \/>\n. Pbro. Juan Alberto Peque\u00f1o Mac\u00edas<br \/>\n. Pbro. Juan Armando P\u00e9rez Aranda<br \/>\n. Pbro. Lino Rodr\u00edguez Garza<\/p>\n<p>Todos ellos son parte de nuestra Iglesia, hoy se encuentran en un proceso de formaci\u00f3n para servir en un futuro no muy lejano al pueblo de Dios. Teng\u00e1moslos presentes en nuestras oraciones para que aprovechen al m\u00e1ximo esta experiencia y de abundantes frutos para la Iglesia.<br \/>\n<a class=\"_58cn\" href=\"https:\/\/www.facebook.com\/hashtag\/juevessacerdotal?source=feed_text\" data-ft=\"{&quot;tn&quot;:&quot;*N&quot;,&quot;type&quot;:104}\"><span class=\"_5afx\"><span class=\"_58cl _5afz\" aria-label=\"numeral\">#<\/span><span class=\"_58cm\">JuevesSacerdotal<\/span><\/span><\/a>\u00a0<a class=\"_58cn\" href=\"https:\/\/www.facebook.com\/hashtag\/iglesiademonterrey?source=feed_text\" data-ft=\"{&quot;tn&quot;:&quot;*N&quot;,&quot;type&quot;:104}\"><span class=\"_5afx\"><span class=\"_58cl _5afz\" aria-label=\"numeral\">#<\/span><span class=\"_58cm\">IglesiaDeMonterrey<\/span><\/span><\/a><\/p>\n<\/div>\n","protected":false},"excerpt":{"rendered":"<p>Por Juan Pablo V\u00e1zquez Rodr\u00edguez Monterrey ,N.L. (www.pastoralsiglo21.org).- 15 de marzo 2018. La formaci\u00f3n permanente del sacerdote, es un aspecto fundamental para el llamado que han<span class=\"excerpt-hellip\"> [\u2026]<\/span><\/p>\n","protected":false},"author":10,"featured_media":4555,"comment_status":"open","ping_status":"closed","sticky":false,"template":"","format":"standard","meta":[],"categories":[15],"tags":[23],"_links":{"self":[{"href":"https:\/\/www.arquidiocesismty.org\/arquimty\/wp-json\/wp\/v2\/posts\/4556"}],"collection":[{"href":"https:\/\/www.arquidiocesismty.org\/arquimty\/wp-json\/wp\/v2\/posts"}],"about":[{"href":"https:\/\/www.arquidiocesismty.org\/arquimty\/wp-json\/wp\/v2\/types\/post"}],"author":[{"embeddable":true,"href":"https:\/\/www.arquidiocesismty.org\/arquimty\/wp-json\/wp\/v2\/users\/10"}],"replies":[{"embeddable":true,"href":"https:\/\/www.arquidiocesismty.org\/arquimty\/wp-json\/wp\/v2\/comments?post=4556"}],"version-history":[{"count":6,"href":"https:\/\/www.arquidiocesismty.org\/arquimty\/wp-json\/wp\/v2\/posts\/4556\/revisions"}],"predecessor-version":[{"id":4605,"href":"https:\/\/www.arquidiocesismty.org\/arquimty\/wp-json\/wp\/v2\/posts\/4556\/revisions\/4605"}],"wp:featuredmedia":[{"embeddable":true,"href":"https:\/\/www.arquidiocesismty.org\/arquimty\/wp-json\/wp\/v2\/media\/4555"}],"wp:attachment":[{"href":"https:\/\/www.arquidiocesismty.org\/arquimty\/wp-json\/wp\/v2\/media?parent=4556"}],"wp:term":[{"taxonomy":"category","embeddable":true,"href":"https:\/\/www.arquidiocesismty.org\/arquimty\/wp-json\/wp\/v2\/categories?post=4556"},{"taxonomy":"post_tag","embeddable":true,"href":"https:\/\/www.arquidiocesismty.org\/arquimty\/wp-json\/wp\/v2\/tags?post=4556"}],"curies":[{"name":"wp","href":"https:\/\/api.w.org\/{rel}","templated":true}]}}