{"id":3364,"date":"2017-12-09T14:18:10","date_gmt":"2017-12-09T20:18:10","guid":{"rendered":"https:\/\/www.arquidiocesismty.org\/arquimty\/?p=3364"},"modified":"2017-12-09T14:18:10","modified_gmt":"2017-12-09T20:18:10","slug":"la-iglesia-esta-llamada-a-ser-una-madre-santa","status":"publish","type":"post","link":"https:\/\/www.arquidiocesismty.org\/arquimty\/la-iglesia-esta-llamada-a-ser-una-madre-santa\/","title":{"rendered":"La Iglesia est\u00e1 llamada a ser una Madre Santa"},"content":{"rendered":"<p>Toma posesi\u00f3n Mons. Rodolfo Villarreal, Parroquia San Pedro Ap\u00f3stol, centro \/ 7 de diciembre del 2017<\/p>\n<p>Muy agradecido y, al mismo tiempo, muy admirado con ustedes porque, a pesar de la inclemencia del tiempo, han querido a celebrar la Eucarist\u00eda. Estoy seguro que lo hacen porque aman a Dios, porque quieren mucho a su Iglesia y porque tienen estima a Mons. Rodolfo. Agradezco la presencia de los sacerdotes que comparten con nosotros la Eucarist\u00eda. Gracias a todos por su presencia.<\/p>\n<p>Ustedes saben que un servidor, su Obispo, siempre me esforzar\u00e9 para que nuestra Iglesia est\u00e9 unida en el Se\u00f1or. A Mons. Rodolfo \u00e9l sabe que le tengo estima y respeto como lo hago con ustedes y todos los sacerdotes de nuestra Arquidi\u00f3cesis<\/p>\n<p>Esta noche es muy especial estamos en la vigilia de la solemnidad de la Inmaculada Concepci\u00f3n de Mar\u00eda, una fiesta de mucha relevancia en nuestra Iglesia Cat\u00f3lica.<\/p>\n<p>Saben ustedes que profesamos cuatro dogmas de la Virgen Mar\u00eda, tres de ellos son solemnidades: Su Inmaculada Concepci\u00f3n, su Maternidad divina y su gloriosa Asunci\u00f3n a los Cielos.<\/p>\n<p>Estas tres verdades hacen un bello tri\u00e1ngulo para que comprendamos el misterio de Cristo realizado en la Virgen Mar\u00eda y tambi\u00e9n para que crezca nuestro amor hacia ella.<\/p>\n<p>Hemos o\u00eddo la Palabra de Dios. Quiero hacer una reflexi\u00f3n a partir de lo que hemos o\u00eddo de la Palabra de Dios, refiri\u00e9ndolo a la comunidad, a la parroquia. Porque he venido a compartir la misi\u00f3n con Mons. Rodolfo.<\/p>\n<p>Esta misi\u00f3n evangelizadora que la Iglesia tiene que llevar adelante al estilo de Mar\u00eda. Es el modo que la Iglesia lleva a delante su tarea evangelizadora. Desde luego, nuestro ejemplo superior, m\u00e1ximo e inigualable, es Jes\u00fas, el Hijo de Dios. Pero tambi\u00e9n la Iglesia, como la Virgen Mar\u00eda, se siente reflejada en Cristo.<\/p>\n<p>Los Padres de la Iglesia hicieron una bonita comparaci\u00f3n del sol y la luna, referido a Cristo y a Mar\u00eda, a Cristo y a la Iglesia. La Virgen Mar\u00eda es como la luna que no tiene luz propia, pero refleja la luz del sol. As\u00ed la Virgen Mar\u00eda no tiene luz propia, pero refleja bellamente la luz de Cristo. Por eso digo que la parroquia lleva la misi\u00f3n al estilo de la Virgen Mar\u00eda.<\/p>\n<p>Dos cosas, especialmente, podemos mirar en la Virgen Mar\u00eda: su santidad y su Maternidad. La parroquia, la comunidad cristiana, imita a la Virgen Mar\u00eda en esos dos elementos important\u00edsimos. La parroquia, la comunidad debe ser santa. Por eso, San Pablo, cuando le hablaba a la comunidad cristiana, dec\u00eda, \u201ca los santos que viven en Corinto\u201d (cfr. 1 Cor 1, 2).<\/p>\n<p>Porque la santidad es nuestra meta, es nuestro objetivo, es la raz\u00f3n de ser de todo lo que vienen a hacer. Lo dijo San Pablo, \u201cel Se\u00f1or quiere que seamos santos e irreprochables en el amor\u201d (cfr. Ef 1, 4). Santidad, esa es nuestra meta, ah\u00ed tenemos que poner todo nuestro esfuerzo, en ser santos.<\/p>\n<p>Si no tenemos esa cualidad, de nada sirve confesarnos ni celebrar la misa, ninguna cosa tendr\u00eda sentido. Por eso la comunidad, que es santa, nos quiere llevar a la santidad. As\u00ed, lo que ocurre en esta Iglesia, es para santificar. Su oraci\u00f3n, su participaci\u00f3n en la misa su confesi\u00f3n todo es para santificar; sus obras de caridad, sus limosnas, todo es para ser santos.<\/p>\n<p>Claro que la Virgen Mar\u00eda lo es en grado superlativo, ella es sant\u00edsima. Pero la comunidad, como en ella habita el Esp\u00edritu Santo, tambi\u00e9n tiene que ser santa.<\/p>\n<p>La segunda cualidad es la Maternidad la Virgen Mar\u00eda. Es la Madre de Dios. Cuando el \u00e1ngel le saluda, le dice, \u201cal\u00e9grate, Mar\u00eda, llena de gracia, el Se\u00f1or est\u00e1 contigo\u201d (cfr. Lc 1, 28). La Virgen Mar\u00eda es la Madre de Dios.<\/p>\n<p>Recuerdan esa escena tan conmovedora al pie de la Cruz. Jes\u00fas le dice al disc\u00edpulo amado, \u201cAh\u00ed est\u00e1 tu madre\u201d, y a Mar\u00eda le dijo, \u201cah\u00ed est\u00e1 tu hijo\u201d (Jn 19, 26-27). A partir de este momento \u00e9l se la llevo a su casa.<\/p>\n<p>Porque la maternidad es engendrar hijos y cuidarlos, darles alimento y protegerlos. Eso es la Iglesia, nuestra Madre, porque se preocupa por nosotros.<\/p>\n<p>Nos engendr\u00f3 el d\u00eda de nuestro bautismo. La vida bautismal es como el seno materno, ah\u00ed nacen los hijos de Dios, ah\u00ed la Iglesia es mam\u00e1.<\/p>\n<p>Pero tambi\u00e9n la Iglesia nos cuida. Como ustedes, mam\u00e1s, alimentan a sus hijos, les dan cari\u00f1o, afecto, protecci\u00f3n, as\u00ed tiene que ser la comunidad cristiana, ser mam\u00e1 al estilo de la Virgen Mar\u00eda.<\/p>\n<p>Vamos a pedirle al Se\u00f1or para que esta comunidad est\u00e9 siempre viva en la escucha de la Palabra, gozosa de celebrar la Eucarist\u00eda, pero tambi\u00e9n que sale del Templo y vive la caridad.<\/p>\n<p>Hermanas y hermanos, qui\u00e9ranse mucho, amen a la Iglesia, amen a Jes\u00fas, pongan su fe en Dios, nuestro Padre y d\u00e9jense conducir por el Esp\u00edritu Santo, que habita en sus corazones.<\/p>\n<p>Hay que pedir por nuestra Iglesia Cat\u00f3lica, hay que pedir por los sacerdotes, por los m\u00e1s pobres, hay que pedirle mucho a Dios. \u00c9l nos dijo, \u201cpidan siempre, sin desfallecer\u201d (Lc 18, 1-8).<\/p>\n<p>Recuerdan la par\u00e1bola de aquella mujer que va con el juez y le dice todos los d\u00edas, \u201chazme justicia\u201d. Hasta que el juez, fastidiado, le dice, \u201caunque no soy bueno, para que no me moleste le voy a arreglar su asunto\u201d. Jes\u00fas, dice \u201chay que orar siempre, sin desfallecer\u201d. Hay que orar mucho delante de Dios para que \u00c9l, en nuestras oraciones, nos tienda la mano.<\/p>\n<p>Que Dios los bendiga para que, con los sacerdotes, vivan su fe en la comunidad cristiana. Dios le d\u00e9 la sabidur\u00eda a Mons. Rodolfo y a ustedes les abra los o\u00eddos para que oigan el mensaje del Evangelio.<\/p>\n","protected":false},"excerpt":{"rendered":"<p>Toma posesi\u00f3n Mons. Rodolfo Villarreal, Parroquia San Pedro Ap\u00f3stol, centro \/ 7 de diciembre del 2017 Muy agradecido y, al mismo tiempo, muy admirado con ustedes<span class=\"excerpt-hellip\"> [\u2026]<\/span><\/p>\n","protected":false},"author":6,"featured_media":3359,"comment_status":"open","ping_status":"closed","sticky":false,"template":"","format":"standard","meta":[],"categories":[13],"tags":[],"_links":{"self":[{"href":"https:\/\/www.arquidiocesismty.org\/arquimty\/wp-json\/wp\/v2\/posts\/3364"}],"collection":[{"href":"https:\/\/www.arquidiocesismty.org\/arquimty\/wp-json\/wp\/v2\/posts"}],"about":[{"href":"https:\/\/www.arquidiocesismty.org\/arquimty\/wp-json\/wp\/v2\/types\/post"}],"author":[{"embeddable":true,"href":"https:\/\/www.arquidiocesismty.org\/arquimty\/wp-json\/wp\/v2\/users\/6"}],"replies":[{"embeddable":true,"href":"https:\/\/www.arquidiocesismty.org\/arquimty\/wp-json\/wp\/v2\/comments?post=3364"}],"version-history":[{"count":1,"href":"https:\/\/www.arquidiocesismty.org\/arquimty\/wp-json\/wp\/v2\/posts\/3364\/revisions"}],"predecessor-version":[{"id":3366,"href":"https:\/\/www.arquidiocesismty.org\/arquimty\/wp-json\/wp\/v2\/posts\/3364\/revisions\/3366"}],"wp:featuredmedia":[{"embeddable":true,"href":"https:\/\/www.arquidiocesismty.org\/arquimty\/wp-json\/wp\/v2\/media\/3359"}],"wp:attachment":[{"href":"https:\/\/www.arquidiocesismty.org\/arquimty\/wp-json\/wp\/v2\/media?parent=3364"}],"wp:term":[{"taxonomy":"category","embeddable":true,"href":"https:\/\/www.arquidiocesismty.org\/arquimty\/wp-json\/wp\/v2\/categories?post=3364"},{"taxonomy":"post_tag","embeddable":true,"href":"https:\/\/www.arquidiocesismty.org\/arquimty\/wp-json\/wp\/v2\/tags?post=3364"}],"curies":[{"name":"wp","href":"https:\/\/api.w.org\/{rel}","templated":true}]}}