{"id":3164,"date":"2017-11-22T12:35:35","date_gmt":"2017-11-22T18:35:35","guid":{"rendered":"https:\/\/www.arquidiocesismty.org\/arquimty\/?p=3164"},"modified":"2017-11-22T12:35:35","modified_gmt":"2017-11-22T18:35:35","slug":"a-cristo-se-le-conoce-en-el-camino","status":"publish","type":"post","link":"https:\/\/www.arquidiocesismty.org\/arquimty\/a-cristo-se-le-conoce-en-el-camino\/","title":{"rendered":"A Cristo se le conoce en el camino"},"content":{"rendered":"<p>Reuni\u00f3n de casas de migrantes \/ Parroquia Santa Catarina M\u00e1rtir \/ 20 de noviembre del 2017<\/p>\n<p>Hermanas y hermanos: primero y, sobretodo, damos una bienvenida. Todo encuentro es siempre una bendici\u00f3n. Recibimos la bendici\u00f3n de su presencia. Queremos compartir, desde esta Eucarist\u00eda, muchas bendiciones para nuestros hermanos migrantes.<\/p>\n<p>El Evangelio pone una clave, muy importante, para comprender su servicio pastoral, su misi\u00f3n. Dice, \u201cJes\u00fas iba de camino\u201d (Lc 18, 35-43). Jes\u00fas va de camino. Estamos en la parroquia de Santa Catarina, hay cosas que me impresionan de ella, a parte de su martirio.<\/p>\n<p>Dice la Tradici\u00f3n que, cuando muere m\u00e1rtir Santa Catarina, unos \u00e1ngeles transportan su cuerpo a las faldas del Sina\u00ed. Ah\u00ed hay un significado teol\u00f3gico. \u00bfQu\u00e9 significa el Sina\u00ed? Es la cuna de la Ley de Dios, de la \u00e9tica del amor a Dios y al pr\u00f3jimo. Ah\u00ed, en el Sina\u00ed, ella fue trasladada por qu\u00e9, seg\u00fan la Tradici\u00f3n, fue la primera mujer dedicada a la filosof\u00eda. Ella tuvo que entrar en discusi\u00f3n con los intelectuales de Alejandr\u00eda.<\/p>\n<p>Lo que m\u00e1s me llama la atenci\u00f3n es que su vida tiene referencia a la \u00e9tica, a la moral. Detr\u00e1s de toda la problem\u00e1tica que vive el mundo, que viven los migrantes, es un asunto de \u00e9tica, en el que no se respeta al pr\u00f3jimo y no se le ve como tiene que v\u00e9rsele, como hermano.<\/p>\n<p>El Se\u00f1or revel\u00f3 en el Sina\u00ed sus diez Palabras, para hacer de Sina\u00ed un pueblo, una comunidad siempre abierta a la relaci\u00f3n con el mundo exterior. Israel tuvo una crisis, como lo vemos en el primer libro de los Macabeos (1,10-15.41-43.54-57.62-64).<\/p>\n<p>La asimilaci\u00f3n y la integraci\u00f3n que le pasa a Israel, el cual quiere ser asimilado por una cultura que no es totalmente la suya y termina \u00e9ticamente vencido. Cuando hay una integraci\u00f3n, uno valora lo de la otra cultura y la propia, y as\u00ed se conserva el sentido \u00e9tico de la convivencia social.<\/p>\n<p>\u00bfQu\u00e9 tiene que ver con la migraci\u00f3n? Que frente aquel que piensa distinto, no puede haber oposici\u00f3n, tiene que haber esta capacidad de integrarse. Porque la asimilaci\u00f3n rompe todos los valores.<\/p>\n<p>Por eso Israel dice que los que se asimilaron rompieron la ley y la quemaron, renunciaron a su identidad. Nuestra identidad es tambi\u00e9n \u00e9tica, nuestra identidad nos va conformando de acuerdo a los valores que consideramos valiosos, los vivimos y compartimos.<\/p>\n<p>Santa Catarina es una se\u00f1al importante en la valoraci\u00f3n del amor a Dios y al pr\u00f3jimo, del amor al extranjero, del respeto al ser humano. Ella, como buena fil\u00f3sofa, sabe que la \u00e9tica es el centro de la filosof\u00eda.<\/p>\n<p>Por eso, al venir a este encuentro, quiero invitarlos a mirar hacia adelante, a descubrir a Jes\u00fas en el camino. El Evangelio dice que Jes\u00fas iba de camino. A Cristo se le conoce en el camino. Recuerdan la historia de San Mart\u00edn caballero. Cuando iba de camino, ve a la vera del camino a un pobre que muere de fr\u00edo. \u00c9l se baja de su caballo, su capa la divide en dos con su espada, y lo cubre. \u00c9l cuenta en su experiencia que en ese momento mir\u00f3 a Jes\u00fas, tuvo una experiencia m\u00edstica.<\/p>\n<p>Cada vez que se acercan a un migrante, miran el rostro de Cristo. Por eso, nuestro apostolado, aunque es de cara a otro, es siempre beneficio para uno. Uno crece en la fe. Cristo quiso estar oculto de esa manera. Por eso el que abre los ojos correctamente puede mirarlo. Solo se abre los ojos en la caridad.<\/p>\n<p>Santa Rosa de Lima, cuando mir\u00f3 a un enfermo, le besa la herida y dice que en ese momento mir\u00f3 a Cristo. Ten\u00eda asco y repugnancia, pero se atreve a dar el paso y, al besar la herida contaminada, ella tuvo un encuentro con el Se\u00f1or, vio a Cristo.<\/p>\n<p>El Se\u00f1or anda de camino, hay que o\u00edrlo que pasa, hay que verlo cuando pasa. La \u00fanica manera que tenemos de hacerlo es en la caridad. Por eso, el autor de la carta a los Hebreos habla de la hospitalidad: muchos recibieron \u00e1ngeles sin saberlo (13, 2).<\/p>\n<p>Que el Se\u00f1or les conceda en esta tarea, nunca f\u00e1cil, requerida de reinventarse, de buscar caminos nuevos, les ayude a estar enamorados de Cristo. Lo \u00fanico que garantiza el Se\u00f1or es que ah\u00ed lo encuentran y ah\u00ed su fe se fortalece, ah\u00ed se afianzan, en el valor a la Palabra de Dios, a sus mandamientos, a su \u00e9tica, a su moral, como lo hizo Catarina de Alejandr\u00eda. Ll\u00e9nense de esperanza, miren hacia adelante, venzan obst\u00e1culos, luchen juntos. De esa manera seremos fieles al proyecto del Se\u00f1or. Que Dios los bendiga.e<\/p>\n","protected":false},"excerpt":{"rendered":"<p>Reuni\u00f3n de casas de migrantes \/ Parroquia Santa Catarina M\u00e1rtir \/ 20 de noviembre del 2017 Hermanas y hermanos: primero y, sobretodo, damos una bienvenida. Todo<span class=\"excerpt-hellip\"> [\u2026]<\/span><\/p>\n","protected":false},"author":6,"featured_media":3173,"comment_status":"open","ping_status":"closed","sticky":false,"template":"","format":"standard","meta":[],"categories":[13],"tags":[],"_links":{"self":[{"href":"https:\/\/www.arquidiocesismty.org\/arquimty\/wp-json\/wp\/v2\/posts\/3164"}],"collection":[{"href":"https:\/\/www.arquidiocesismty.org\/arquimty\/wp-json\/wp\/v2\/posts"}],"about":[{"href":"https:\/\/www.arquidiocesismty.org\/arquimty\/wp-json\/wp\/v2\/types\/post"}],"author":[{"embeddable":true,"href":"https:\/\/www.arquidiocesismty.org\/arquimty\/wp-json\/wp\/v2\/users\/6"}],"replies":[{"embeddable":true,"href":"https:\/\/www.arquidiocesismty.org\/arquimty\/wp-json\/wp\/v2\/comments?post=3164"}],"version-history":[{"count":2,"href":"https:\/\/www.arquidiocesismty.org\/arquimty\/wp-json\/wp\/v2\/posts\/3164\/revisions"}],"predecessor-version":[{"id":3181,"href":"https:\/\/www.arquidiocesismty.org\/arquimty\/wp-json\/wp\/v2\/posts\/3164\/revisions\/3181"}],"wp:featuredmedia":[{"embeddable":true,"href":"https:\/\/www.arquidiocesismty.org\/arquimty\/wp-json\/wp\/v2\/media\/3173"}],"wp:attachment":[{"href":"https:\/\/www.arquidiocesismty.org\/arquimty\/wp-json\/wp\/v2\/media?parent=3164"}],"wp:term":[{"taxonomy":"category","embeddable":true,"href":"https:\/\/www.arquidiocesismty.org\/arquimty\/wp-json\/wp\/v2\/categories?post=3164"},{"taxonomy":"post_tag","embeddable":true,"href":"https:\/\/www.arquidiocesismty.org\/arquimty\/wp-json\/wp\/v2\/tags?post=3164"}],"curies":[{"name":"wp","href":"https:\/\/api.w.org\/{rel}","templated":true}]}}