{"id":2977,"date":"2017-11-02T22:05:51","date_gmt":"2017-11-03T04:05:51","guid":{"rendered":"https:\/\/www.arquidiocesismty.org\/arquimty\/?p=2977"},"modified":"2017-11-02T22:05:51","modified_gmt":"2017-11-03T04:05:51","slug":"los-que-se-dejan-guiar-por-el-espiritu-son-hijos-de-dios","status":"publish","type":"post","link":"https:\/\/www.arquidiocesismty.org\/arquimty\/los-que-se-dejan-guiar-por-el-espiritu-son-hijos-de-dios\/","title":{"rendered":"Los que se dejan guiar por el Esp\u00edritu son hijos de Dios"},"content":{"rendered":"<p>UDEM \/ 30 de octubre del 2017<\/p>\n<p>Hermanos y hermanas, me uno a la intenci\u00f3n de esta jornada que quiere ser de discernimiento. Una instituci\u00f3n que educa tiene que estar al pendiente de lo que ocurre, de la realidad cotidiana. Pero tambi\u00e9n, debe dejarse guiar por el Se\u00f1or para encontrar las mejores soluciones.<\/p>\n<p>Es necesario tener esp\u00edritu abierto para revisar y buscar los mejores caminos, para apoyar a los j\u00f3venes y adolescentes que est\u00e1n en esta instituci\u00f3n que estimamos, la UDEM. Es importante compartir experiencias. Ustedes, hermanas religiosas, consagrados, busquen caminos adecuados para influir en el caminar de los j\u00f3venes. Nadie tiene la soluci\u00f3n ya hecha, el Se\u00f1or nos pone en frente de un futuro que no poseemos, pero que debemos ir construyendo.<\/p>\n<p>Los que se dejan guiar por el Esp\u00edritu son hijos de Dios, dice san Pablo (Rm 8, 12-17). Es la actitud que les invito a tener esta jornada, dejarse guiar por el esp\u00edritu de la verdad y del amor. Si es as\u00ed, encontrar\u00e1n nuevos caminos en bien de los j\u00f3venes. Los pap\u00e1s no saben qu\u00e9 hacer, las instituciones escolares no saben qu\u00e9 hacer, pero hay que buscar caminos, nunca estamos totalmente perdidos como para no esperar en un mundo mejor.<\/p>\n<p>Les pido que no renuncien a su tarea de conducirlos, esa es su tarea conducir a los j\u00f3venes. Nadie es tan inteligente y rebelde como para no dejarse ayudar. No renuncien a la tarea de conducirlos. Hablamos de un acompa\u00f1amiento no alcahuete, sino con seriedad, teniendo claros los destinos que tienen que alcanzar.<\/p>\n<p><img decoding=\"async\" loading=\"lazy\" class=\"aligncenter size-full wp-image-2979\" src=\"https:\/\/arquidiocesismty.org\/arquimty\/wp-content\/uploads\/2017\/11\/U1.png\" alt=\"\" width=\"798\" height=\"456\" srcset=\"https:\/\/www.arquidiocesismty.org\/arquimty\/wp-content\/uploads\/2017\/11\/U1.png 798w, https:\/\/www.arquidiocesismty.org\/arquimty\/wp-content\/uploads\/2017\/11\/U1-300x171.png 300w, https:\/\/www.arquidiocesismty.org\/arquimty\/wp-content\/uploads\/2017\/11\/U1-768x439.png 768w, https:\/\/www.arquidiocesismty.org\/arquimty\/wp-content\/uploads\/2017\/11\/U1-256x146.png 256w, https:\/\/www.arquidiocesismty.org\/arquimty\/wp-content\/uploads\/2017\/11\/U1-50x29.png 50w, https:\/\/www.arquidiocesismty.org\/arquimty\/wp-content\/uploads\/2017\/11\/U1-131x75.png 131w\" sizes=\"(max-width: 798px) 100vw, 798px\" \/><\/p>\n<p>Quiero invitarles a que vivan el milagro del Evangelio (cfr. Lc 13, 10-17). Levanten la cabeza. El Se\u00f1or cur\u00f3 a esta mujer encorvada, que lo \u00fanico que miraba era el suelo. Pero Cristo la ayuda y levanta la cabeza hasta el Cielo, no solo hasta el horizonte que tiene el ojo humano. Esta instituci\u00f3n tiene que ser capaz de tener la mirada de arriba abajo, de abajo a arriba. Dios es el conductor de la vida.<\/p>\n<p>Hay que recomponer siempre este camino que nos presenta el Se\u00f1or Jes\u00fas. Pero tenemos que hacerlo nuestro. El Papa Pablo VI dijo: no queremos maestros, sino testigos. Quiero invitarles a ustedes a este buen discernimiento. Ya saben d\u00f3nde est\u00e1n los problemas, saben qu\u00e9 tienen que hacer y c\u00f3mo acompa\u00f1ar a los j\u00f3venes. Es necesario que levanten la mirada, que Cristo haga el milagro, que miremos hasta el Cielo para darle la correcta intenci\u00f3n a esta tarea educativa que tienen.<\/p>\n<p>Me uno a esta jornada de discernimiento de buscar identidades, qu\u00e9 es la UDEM, cu\u00e1les son sus objetivos. Y en este caminar, seguramente, por la buena voluntad, se lograr\u00e1n cosas buenas. No olvidemos las palabras del ap\u00f3stol, \u201clos que se dejan guiar por el Esp\u00edritu, son hijos de Dios\u201d.<\/p>\n","protected":false},"excerpt":{"rendered":"<p>UDEM \/ 30 de octubre del 2017 Hermanos y hermanas, me uno a la intenci\u00f3n de esta jornada que quiere ser de discernimiento. Una instituci\u00f3n que<span class=\"excerpt-hellip\"> [\u2026]<\/span><\/p>\n","protected":false},"author":6,"featured_media":2978,"comment_status":"open","ping_status":"closed","sticky":false,"template":"","format":"standard","meta":[],"categories":[13],"tags":[],"_links":{"self":[{"href":"https:\/\/www.arquidiocesismty.org\/arquimty\/wp-json\/wp\/v2\/posts\/2977"}],"collection":[{"href":"https:\/\/www.arquidiocesismty.org\/arquimty\/wp-json\/wp\/v2\/posts"}],"about":[{"href":"https:\/\/www.arquidiocesismty.org\/arquimty\/wp-json\/wp\/v2\/types\/post"}],"author":[{"embeddable":true,"href":"https:\/\/www.arquidiocesismty.org\/arquimty\/wp-json\/wp\/v2\/users\/6"}],"replies":[{"embeddable":true,"href":"https:\/\/www.arquidiocesismty.org\/arquimty\/wp-json\/wp\/v2\/comments?post=2977"}],"version-history":[{"count":1,"href":"https:\/\/www.arquidiocesismty.org\/arquimty\/wp-json\/wp\/v2\/posts\/2977\/revisions"}],"predecessor-version":[{"id":2990,"href":"https:\/\/www.arquidiocesismty.org\/arquimty\/wp-json\/wp\/v2\/posts\/2977\/revisions\/2990"}],"wp:featuredmedia":[{"embeddable":true,"href":"https:\/\/www.arquidiocesismty.org\/arquimty\/wp-json\/wp\/v2\/media\/2978"}],"wp:attachment":[{"href":"https:\/\/www.arquidiocesismty.org\/arquimty\/wp-json\/wp\/v2\/media?parent=2977"}],"wp:term":[{"taxonomy":"category","embeddable":true,"href":"https:\/\/www.arquidiocesismty.org\/arquimty\/wp-json\/wp\/v2\/categories?post=2977"},{"taxonomy":"post_tag","embeddable":true,"href":"https:\/\/www.arquidiocesismty.org\/arquimty\/wp-json\/wp\/v2\/tags?post=2977"}],"curies":[{"name":"wp","href":"https:\/\/api.w.org\/{rel}","templated":true}]}}