{"id":2836,"date":"2017-10-26T13:38:34","date_gmt":"2017-10-26T18:38:34","guid":{"rendered":"https:\/\/www.arquidiocesismty.org\/arquimty\/?p=2836"},"modified":"2017-10-26T13:38:34","modified_gmt":"2017-10-26T18:38:34","slug":"como-construir-la-iglesia-abriendo-las-puertas-al-redentor-y-a-las-personas","status":"publish","type":"post","link":"https:\/\/www.arquidiocesismty.org\/arquimty\/como-construir-la-iglesia-abriendo-las-puertas-al-redentor-y-a-las-personas\/","title":{"rendered":"\u00bfC\u00f3mo construir la Iglesia? Abriendo las puertas al Redentor y a las personas"},"content":{"rendered":"<p>Fiesta patronal Parroquia San Juan Pablo II, Escobedo \/ 22 de octubre del 2018<\/p>\n<p>Estimadas hermanas: asistimos a esta Eucarist\u00eda con agradecimiento a Dios por la vida, las palabras y la misi\u00f3n del Papa San Juan Pablo II.<\/p>\n<p>Muchos tuvimos la oportunidad de verlo, al menos por televisi\u00f3n, y escucharlo. Creo que es un\u00e1nime el sentimiento de muchos cat\u00f3licos de que \u00e9l fue un hombre santo. Por supuesto, hay personas que piensan de otro modo, pero la Iglesia as\u00ed lo ha reconocido, como un hombre santo, como un intercesor de nosotros ante Dios.<\/p>\n<p>Providencialmente la fiesta coincide con el domingo mundial de las misiones (DOMUND). Hoy, en todas partes se recuerda que la Iglesia es misionera. El Papa Francisco habla de que esta misi\u00f3n se hace con el coraz\u00f3n. Al recordar el legado del Papa Juan Pablo II queda muy bien con lo que celebramos.<\/p>\n<p>Hay pensamientos que me llaman la atenci\u00f3n. En 1978, como Obispo de Roma, su primer documento marc\u00f3, como de manera prof\u00e9tica, la misi\u00f3n de la Iglesia. Sabiendo que nos enfrent\u00e1bamos a un paso muy dif\u00edcil: entrar a un milenio. Ustedes, los que no son \u201cmillennians\u201d, saben lo que ha significado este cambio. Hay un cambio real en la sociedad, un cambio cultural que el Papa ya hab\u00eda anunciado y por eso \u00e9l daba dos indicaciones a la Iglesia. La primera, \u201cabran las puertas al Redentor\u201d, y la segunda, \u201cel camino para la Iglesia es el ser humano\u201d. Dos principios para la misi\u00f3n muy importantes.<\/p>\n<p><img decoding=\"async\" loading=\"lazy\" class=\"aligncenter size-full wp-image-2839\" src=\"https:\/\/arquidiocesismty.org\/arquimty\/wp-content\/uploads\/2017\/10\/sjpii3.png\" alt=\"\" width=\"798\" height=\"456\" srcset=\"https:\/\/www.arquidiocesismty.org\/arquimty\/wp-content\/uploads\/2017\/10\/sjpii3.png 798w, https:\/\/www.arquidiocesismty.org\/arquimty\/wp-content\/uploads\/2017\/10\/sjpii3-300x171.png 300w, https:\/\/www.arquidiocesismty.org\/arquimty\/wp-content\/uploads\/2017\/10\/sjpii3-768x439.png 768w, https:\/\/www.arquidiocesismty.org\/arquimty\/wp-content\/uploads\/2017\/10\/sjpii3-256x146.png 256w, https:\/\/www.arquidiocesismty.org\/arquimty\/wp-content\/uploads\/2017\/10\/sjpii3-50x29.png 50w, https:\/\/www.arquidiocesismty.org\/arquimty\/wp-content\/uploads\/2017\/10\/sjpii3-131x75.png 131w\" sizes=\"(max-width: 798px) 100vw, 798px\" \/><\/p>\n<p>La primera, \u201cabran las puertas al Redentor\u201d. Sin duda que la misi\u00f3n de la Iglesia en este milenio es una misi\u00f3n que ya no se hace como fue, tal vez, hace tiempo. Ahora, la misi\u00f3n se hace con el poder del convencimiento. El Papa Benedicto XVI, dec\u00eda que la evangelizaci\u00f3n se lleva a cabo por atracci\u00f3n (Homil\u00eda en la Eucarist\u00eda de inauguraci\u00f3n de la V Conferencia General del Episcopado Latinoamericano y del Caribe en el Santuario de \u00abLa Aparecida\u00bb. 13 mayo 2007).<\/p>\n<p>Por eso dice san Juan Pablo II \u201cabran las puertas al Redentor\u201d, que la Iglesia sea una Iglesia de puertas abiertas, siempre de acoger, de ir al encuentro con todos. Por eso se di\u00f3 a la tarea de recorrer el mundo entero. El encuentro misionero se realiza no solo a los cat\u00f3licos, sino tambi\u00e9n con la gente de buena voluntad. En todos lados llev\u00f3 este mensaje de apertura, de presentar a Cristo como amigo del hombre, no como enemigo. A eso vino Jes\u00fas, a ser amistad con el ser humano. Todo su mensaje va entorno a este cari\u00f1o a las personas y a poner siempre en primer lugar al ser humano.<\/p>\n<p>Por eso, el segundo principio dice, \u201cel camino para la Iglesia es el ser humano\u201d. De tal manera que la Iglesia debe poner atenci\u00f3n de a d\u00f3nde va el ser humano. Es saber el rumbo que toma la sociedad, que no podemos calificarlo como malo, sino es el rumbo que lleva la sociedad. Y en ese rumbo es que la Iglesia debe caminar con la gente, no en oposici\u00f3n, sino en acompa\u00f1amiento. Quedaron atr\u00e1s los tiempos de discusi\u00f3n, de apolog\u00e9tica, de insistir en que uno tiene la verdad y los otros no. La misi\u00f3n se hace en humildad y en caridad. Solo as\u00ed es posible y podemos entender ese dicho de Jes\u00fas: al Cesar lo del Cesar y a Dios lo que es de Dios (cfr. Mt 22, 21).<\/p>\n<p>Cuando a Jes\u00fas le quieren poner una trampa, si hay que pagar o no los impuestos, \u00c9l se fue m\u00e1s all\u00e1. Pidi\u00f3 una moneda y dijo \u201c\u00bfcu\u00e1l es la imagen y la inscripci\u00f3n?\u201d Le contestaron, \u201cla del C\u00e9sar\u201d. Jes\u00fas dice, \u201cal Cesar lo que es del Cesar, y a Dios lo que es de Dios\u201d. \u00bfQu\u00e9 es de Dios? Cada persona. Nosotros tenemos impresa una imagen, la imagen de Dios. Nosotros fuimos creados a imagen de Dios. La autoridad le rinde cuentas sobre el dinero a la sociedad, pero el ser humano es mucho m\u00e1s grande que el dinero. Somos imagen y semejanza de Dios.<\/p>\n<p><img decoding=\"async\" loading=\"lazy\" class=\"aligncenter size-full wp-image-2838\" src=\"https:\/\/arquidiocesismty.org\/arquimty\/wp-content\/uploads\/2017\/10\/sjpii2.png\" alt=\"\" width=\"798\" height=\"456\" srcset=\"https:\/\/www.arquidiocesismty.org\/arquimty\/wp-content\/uploads\/2017\/10\/sjpii2.png 798w, https:\/\/www.arquidiocesismty.org\/arquimty\/wp-content\/uploads\/2017\/10\/sjpii2-300x171.png 300w, https:\/\/www.arquidiocesismty.org\/arquimty\/wp-content\/uploads\/2017\/10\/sjpii2-768x439.png 768w, https:\/\/www.arquidiocesismty.org\/arquimty\/wp-content\/uploads\/2017\/10\/sjpii2-256x146.png 256w, https:\/\/www.arquidiocesismty.org\/arquimty\/wp-content\/uploads\/2017\/10\/sjpii2-50x29.png 50w, https:\/\/www.arquidiocesismty.org\/arquimty\/wp-content\/uploads\/2017\/10\/sjpii2-131x75.png 131w\" sizes=\"(max-width: 798px) 100vw, 798px\" \/><\/p>\n<p>La Iglesia siempre tiene que promover el respeto, la justicia, los derechos de la persona, que no dependen de un gobernante, sino que dependen de Dios que los cre\u00f3. Porque los derechos son anteriores a cualquier sistema de gobierno. Incluso, aquel que est\u00e1 en la c\u00e1rcel, tiene que ser tratado como persona. Esta es la misi\u00f3n de la Iglesia: cuidar la imagen de Dios en cada uno. Al Cesar lo del Cesar y a Dios lo que es de Dios.<\/p>\n<p>Nosotros le pertenecemos al Se\u00f1or. Es cierto, que la historia de la Iglesia no ha sido f\u00e1cil en estos m\u00e1s de dos mil a\u00f1os. La Iglesia ha tenido que v\u00e9rsela con reyes, emperadores. Ha sido una historia muy controvertida. Muchas veces en persecuci\u00f3n, otras en cercan\u00eda. Como quiera, tenemos que cuidar la sana distancia del poder. Para los obispos, sacerdotes y creyentes primero es Dios, la ley de Dios; todo lo dem\u00e1s debemos hacerlo con prudencia. Porque debemos promover la amistad social, no tenemos por qu\u00e9 estar en pleito con la sociedad. As\u00ed, las ense\u00f1anzas de Juan Pablo II ser\u00e1n puestas en pr\u00e1ctica con sus dos principios.<\/p>\n<p>Pid\u00e1mosle a Dios para que ustedes y yo podemos cumplir con la misi\u00f3n que Dios me encomend\u00f3. Esta es la Iglesia, las personas. La persona es primero. Y yo le doy gracias a Dios de que, en tan poco tiempo, con el Padre Jes\u00fas hayan construido esta comunidad de fieles, que es lo m\u00e1s importante. Les deseo mucho bien, que no pierdan la fe. Prefiero creyentes a edificios, si no, los templos se convierten en museos. Yo s\u00e9 que cada uno colabora seg\u00fan sus posibilidades. Gracias a todos ustedes. Nos ponemos bajo la protecci\u00f3n de san Juan Pablo II para que todos le abramos con gusto el coraz\u00f3n a Jes\u00fas.<\/p>\n","protected":false},"excerpt":{"rendered":"<p>Fiesta patronal Parroquia San Juan Pablo II, Escobedo \/ 22 de octubre del 2018 Estimadas hermanas: asistimos a esta Eucarist\u00eda con agradecimiento a Dios por la<span class=\"excerpt-hellip\"> [\u2026]<\/span><\/p>\n","protected":false},"author":6,"featured_media":2837,"comment_status":"open","ping_status":"open","sticky":false,"template":"","format":"standard","meta":[],"categories":[13],"tags":[],"_links":{"self":[{"href":"https:\/\/www.arquidiocesismty.org\/arquimty\/wp-json\/wp\/v2\/posts\/2836"}],"collection":[{"href":"https:\/\/www.arquidiocesismty.org\/arquimty\/wp-json\/wp\/v2\/posts"}],"about":[{"href":"https:\/\/www.arquidiocesismty.org\/arquimty\/wp-json\/wp\/v2\/types\/post"}],"author":[{"embeddable":true,"href":"https:\/\/www.arquidiocesismty.org\/arquimty\/wp-json\/wp\/v2\/users\/6"}],"replies":[{"embeddable":true,"href":"https:\/\/www.arquidiocesismty.org\/arquimty\/wp-json\/wp\/v2\/comments?post=2836"}],"version-history":[{"count":1,"href":"https:\/\/www.arquidiocesismty.org\/arquimty\/wp-json\/wp\/v2\/posts\/2836\/revisions"}],"predecessor-version":[{"id":2840,"href":"https:\/\/www.arquidiocesismty.org\/arquimty\/wp-json\/wp\/v2\/posts\/2836\/revisions\/2840"}],"wp:featuredmedia":[{"embeddable":true,"href":"https:\/\/www.arquidiocesismty.org\/arquimty\/wp-json\/wp\/v2\/media\/2837"}],"wp:attachment":[{"href":"https:\/\/www.arquidiocesismty.org\/arquimty\/wp-json\/wp\/v2\/media?parent=2836"}],"wp:term":[{"taxonomy":"category","embeddable":true,"href":"https:\/\/www.arquidiocesismty.org\/arquimty\/wp-json\/wp\/v2\/categories?post=2836"},{"taxonomy":"post_tag","embeddable":true,"href":"https:\/\/www.arquidiocesismty.org\/arquimty\/wp-json\/wp\/v2\/tags?post=2836"}],"curies":[{"name":"wp","href":"https:\/\/api.w.org\/{rel}","templated":true}]}}