{"id":2605,"date":"2017-09-27T09:33:59","date_gmt":"2017-09-27T14:33:59","guid":{"rendered":"https:\/\/www.arquidiocesismty.org\/arquimty\/?p=2605"},"modified":"2017-09-27T09:33:59","modified_gmt":"2017-09-27T14:33:59","slug":"lanza-papa-francisco-campana-por-los-migrantes","status":"publish","type":"post","link":"https:\/\/www.arquidiocesismty.org\/arquimty\/lanza-papa-francisco-campana-por-los-migrantes\/","title":{"rendered":"LANZA PAPA FRANCISCO CAMPA\u00d1A POR LOS MIGRANTES"},"content":{"rendered":"<p>Ciudad del Vaticano (<a href=\"http:\/\/www.pastoralsiglo21.org\">www.pastoralsiglo21.org<\/a>) 27 de septiembre del 2017.- Durante la Audiencia General de hoy, el Papa Francisco lanz\u00f3 la campala \u201cComparte el Viaje\u201d, de C\u00e1ritas Internacional, para sostener a las familias obligadas a migrar.<\/p>\n<p>Quiso que el lanzamiento coincidiera con la fiesta de San Vicente de Pa\u00fal, patrono de todas las asociaciones de caridad.<\/p>\n<p>\u201cLos aliento a adherir a esta loable iniciativa como signo de solidaridad con estos nuestros hermanos y hermanas necesitados. Sobre todos ustedes y sus familias invoco la alegr\u00eda y la paz del Se\u00f1or nuestro Jesucristo\u201d, dijo.<\/p>\n<p>El Obispo de Roma exhort\u00f3 a promover la solidaridad fraterna y cristiana en favor de los migrantes, como pide Cristo, y alent\u00f3 una nueva ley migratoria:<\/p>\n<p>\u201cTengo la alegr\u00eda de acoger a los representantes de C\u00e1ritas, aqu\u00ed reunidos para dar comienzo de forma oficial a la campa\u00f1a \u2018Comparte el viaje\u2019 \u2013 qu\u00e9 lindo el nombre de esta campa\u00f1a &#8211; \u00a0que he querido hacer coincidir con esta audiencia. Doy la bienvenida a los migrantes, a los que solicitan asilo y a los refugiados que, junto con los operadores de C\u00e1ritas Italiana y de otras organizaciones cat\u00f3licas, son signo de una iglesia que busca ser abierta, inclusiva y acogedora. Gracias a todos por su infatigable servicio\u201d, a\u00f1adi\u00f3.<\/p>\n<p><strong>Equipo Editorial de Pastoral Siglo XXI<\/strong><\/p>\n","protected":false},"excerpt":{"rendered":"<p>Ciudad del Vaticano (www.pastoralsiglo21.org) 27 de septiembre del 2017.- Durante la Audiencia General de hoy, el Papa Francisco lanz\u00f3 la campala \u201cComparte el Viaje\u201d, de C\u00e1ritas<span class=\"excerpt-hellip\"> [\u2026]<\/span><\/p>\n","protected":false},"author":3,"featured_media":2606,"comment_status":"open","ping_status":"open","sticky":false,"template":"","format":"standard","meta":[],"categories":[14,6],"tags":[23],"_links":{"self":[{"href":"https:\/\/www.arquidiocesismty.org\/arquimty\/wp-json\/wp\/v2\/posts\/2605"}],"collection":[{"href":"https:\/\/www.arquidiocesismty.org\/arquimty\/wp-json\/wp\/v2\/posts"}],"about":[{"href":"https:\/\/www.arquidiocesismty.org\/arquimty\/wp-json\/wp\/v2\/types\/post"}],"author":[{"embeddable":true,"href":"https:\/\/www.arquidiocesismty.org\/arquimty\/wp-json\/wp\/v2\/users\/3"}],"replies":[{"embeddable":true,"href":"https:\/\/www.arquidiocesismty.org\/arquimty\/wp-json\/wp\/v2\/comments?post=2605"}],"version-history":[{"count":1,"href":"https:\/\/www.arquidiocesismty.org\/arquimty\/wp-json\/wp\/v2\/posts\/2605\/revisions"}],"predecessor-version":[{"id":2607,"href":"https:\/\/www.arquidiocesismty.org\/arquimty\/wp-json\/wp\/v2\/posts\/2605\/revisions\/2607"}],"wp:featuredmedia":[{"embeddable":true,"href":"https:\/\/www.arquidiocesismty.org\/arquimty\/wp-json\/wp\/v2\/media\/2606"}],"wp:attachment":[{"href":"https:\/\/www.arquidiocesismty.org\/arquimty\/wp-json\/wp\/v2\/media?parent=2605"}],"wp:term":[{"taxonomy":"category","embeddable":true,"href":"https:\/\/www.arquidiocesismty.org\/arquimty\/wp-json\/wp\/v2\/categories?post=2605"},{"taxonomy":"post_tag","embeddable":true,"href":"https:\/\/www.arquidiocesismty.org\/arquimty\/wp-json\/wp\/v2\/tags?post=2605"}],"curies":[{"name":"wp","href":"https:\/\/api.w.org\/{rel}","templated":true}]}}