{"id":2584,"date":"2017-09-25T14:56:30","date_gmt":"2017-09-25T19:56:30","guid":{"rendered":"https:\/\/www.arquidiocesismty.org\/arquimty\/?p=2584"},"modified":"2017-11-15T13:47:24","modified_gmt":"2017-11-15T19:47:24","slug":"arquidiocesis-de-monterrey-dona-1-millon-651896-pesos-a-damnificados-por-sismo-y-huracan","status":"publish","type":"post","link":"https:\/\/www.arquidiocesismty.org\/arquimty\/arquidiocesis-de-monterrey-dona-1-millon-651896-pesos-a-damnificados-por-sismo-y-huracan\/","title":{"rendered":"Arquidi\u00f3cesis de Monterrey dona 1 mill\u00f3n 651,896 pesos a damnificados por sismos y hurac\u00e1n."},"content":{"rendered":"<p><strong>Monterrey, N.L. (<a href=\"http:\/\/www.arquidiocesismty.org\/\" target=\"_blank\">www.arquidiocesismty.org<\/a>)\u00a025 de septiembre del 2017.-<\/strong> El Arzobispo de Monterrey, Mons. Rogelio Cabrera, inform\u00f3 la recaudaci\u00f3n que se obtuvo en las colectas que se hicieron en las parroquias, para los damnificados por el hurac\u00e1n Harvey y los sismos en M\u00e9xico.<\/p>\n<p>Para la ayuda por el hurac\u00e1n Harvey se recaudaron: 987,928 pesos y con motivo de los sismos ocurridos en nuestro Pa\u00eds, se recaudaron 663, 968 pesos. Dando un total de 1 mill\u00f3n 651, 896 pesos.<\/p>\n<p>Estas cantidades se enviaron a C\u00e1ritas Nacional, quien est\u00e1 ayudando principalmente en Juchit\u00e1n, Oaxaca y en Cuernavaca Morelos. Hasta la fecha se han enviado 93 toneladas de alimentos, agua, medicamentos, entre otras cosas.<\/p>\n<p>Tan solo en medicamentos se ha enviado una tonelada y un cuarto de ella, en apoyo a estas zonas.<\/p>\n<p>\u201cEl testimonio solidario que brota del coraz\u00f3n de todos los mexicanos es digno de reconocimiento. Bien sabemos que ante la adversidad siempre hemos de salir adelante, especialmente si damos lo mejor de nosotros mismos\u201d.<\/p>\n<p>\u201cQuiero agradecer a muchos que a trav\u00e9s de C\u00e1ritas, con muchos voluntarios, se han preparado estos env\u00edos que seguiremos haciendo, siguiendo las indicaciones que nos den los obispos a donde estamos colaborando\u201d<\/p>\n<p>\u201cLa gente est\u00e1 muy triste no solo por haber perdido su casa, sino porque perdieron sus iglesias, sus capillas. S\u00e9 que para muchos esto no ser\u00eda de gran relevancia, pero para el pueblo de Dios es un dolor inmenso, el ver sus Iglesias destruidas\u201d A\u00f1adi\u00f3 Mons. Rogelio Cabrera.<\/p>\n<p>La transparencia de la Iglesia no se ha hecho esperar, como es costumbre, las cuentas son claras y podemos ver hacia donde fue destinada nuestra aportaci\u00f3n monetaria, sin preocupaciones de que esta no fuera a llegar a quienes lo necesitan.<\/p>\n<p>Sigamos\u00a0orando por nuestros hermanos que est\u00e1n pasando por este dif\u00edcil momento y no dejemos de aportar\u00a0de la manera en que cada quien puede.<\/p>\n","protected":false},"excerpt":{"rendered":"<p>Monterrey, N.L. (www.arquidiocesismty.org)\u00a025 de septiembre del 2017.- El Arzobispo de Monterrey, Mons. Rogelio Cabrera, inform\u00f3 la recaudaci\u00f3n que se obtuvo en las colectas que se hicieron<span class=\"excerpt-hellip\"> [\u2026]<\/span><\/p>\n","protected":false},"author":2,"featured_media":2596,"comment_status":"open","ping_status":"open","sticky":false,"template":"","format":"standard","meta":[],"categories":[7,14],"tags":[],"_links":{"self":[{"href":"https:\/\/www.arquidiocesismty.org\/arquimty\/wp-json\/wp\/v2\/posts\/2584"}],"collection":[{"href":"https:\/\/www.arquidiocesismty.org\/arquimty\/wp-json\/wp\/v2\/posts"}],"about":[{"href":"https:\/\/www.arquidiocesismty.org\/arquimty\/wp-json\/wp\/v2\/types\/post"}],"author":[{"embeddable":true,"href":"https:\/\/www.arquidiocesismty.org\/arquimty\/wp-json\/wp\/v2\/users\/2"}],"replies":[{"embeddable":true,"href":"https:\/\/www.arquidiocesismty.org\/arquimty\/wp-json\/wp\/v2\/comments?post=2584"}],"version-history":[{"count":13,"href":"https:\/\/www.arquidiocesismty.org\/arquimty\/wp-json\/wp\/v2\/posts\/2584\/revisions"}],"predecessor-version":[{"id":2616,"href":"https:\/\/www.arquidiocesismty.org\/arquimty\/wp-json\/wp\/v2\/posts\/2584\/revisions\/2616"}],"wp:featuredmedia":[{"embeddable":true,"href":"https:\/\/www.arquidiocesismty.org\/arquimty\/wp-json\/wp\/v2\/media\/2596"}],"wp:attachment":[{"href":"https:\/\/www.arquidiocesismty.org\/arquimty\/wp-json\/wp\/v2\/media?parent=2584"}],"wp:term":[{"taxonomy":"category","embeddable":true,"href":"https:\/\/www.arquidiocesismty.org\/arquimty\/wp-json\/wp\/v2\/categories?post=2584"},{"taxonomy":"post_tag","embeddable":true,"href":"https:\/\/www.arquidiocesismty.org\/arquimty\/wp-json\/wp\/v2\/tags?post=2584"}],"curies":[{"name":"wp","href":"https:\/\/api.w.org\/{rel}","templated":true}]}}