{"id":2416,"date":"2017-09-22T00:39:03","date_gmt":"2017-09-22T05:39:03","guid":{"rendered":"https:\/\/www.arquidiocesismty.org\/arquimty\/?p=2416"},"modified":"2017-09-23T08:36:06","modified_gmt":"2017-09-23T13:36:06","slug":"ubica-los-centros-de-acopio-en-tu-parroquia-mas-cercana","status":"publish","type":"post","link":"https:\/\/www.arquidiocesismty.org\/arquimty\/ubica-los-centros-de-acopio-en-tu-parroquia-mas-cercana\/","title":{"rendered":"Ubica los centros de acopio en tu Parroquia m\u00e1s cercana"},"content":{"rendered":"<p>Hemos demostrado la solidaridad de los regios hacia nuestros hermanos de la Ciudad de M\u00e9xico, luego del terremoto de magnitud 7,1 que a afectado algunas zonas, como lo son: Puebla, Morelos, Guerrero, Oaxaca, entre otras.<\/p>\n<p>Sabemos que la oraci\u00f3n es fuerte, pero en estos momentos tambi\u00e9n tenemos que actuar y seguir apoyando como lo hemos hecho hasta ahora.<\/p>\n<p>Cientos de personas han perdido su hogar y \u00a0se han quedado sin un techo en el cual dormir, sin mencionar las perdidas de sus familiares o amigos queridos.<\/p>\n<p>Hace falta mucha ayuda y la manera mas segura de aportar es a trav\u00e9s de C\u00e1ritas de M\u00e9xico, una asociaci\u00f3n que siempre ha apoyado a la Iglesia Cat\u00f3lica y puedes estar seguro y sentirte orgulloso, que tus donativos estar\u00e1n en buenas manos y llegar\u00e1n a quienes m\u00e1s lo necesitan.<\/p>\n<p>C\u00e1ritas de Monterrey, A.B.P. es un organismo de la Iglesia Cat\u00f3lica fundamentado en el amor que proporciona servicios asistenciales, de promoci\u00f3n humana y desarrollo comunitario a nuestros hermanos m\u00e1s desprotegidos sin distinci\u00f3n de credo o religi\u00f3n haciendo realidad la cristiana comunicaci\u00f3n de bienes.<\/p>\n<p>Te presentamos algunos de los Centros de Acopio pertenecientes a C\u00e1ritas, en los cuales puedes dejar tus v\u00edveres , ubicados en las Parroquias de los siguientes municipios: Guadalupe, Monterrey, San Pedro G.G., Apodaca, Juarez, Cadereyta, Santa Catarina, Santiago, Escobedo y San Nicolas de los Garza.<\/p>\n<p>Recuerda que; lo que para ti es poco, para ellos es mucho.<\/p>\n<p><a href=\"https:\/\/www.arquidiocesismty.org\/arquimty\/ubica-los-centros-de-acopio-en-tu-parroquia-mas-cercana\/centro_monterrey\/\"><img decoding=\"async\" loading=\"lazy\" class=\"aligncenter wp-image-2473 size-full\" src=\"https:\/\/www.arquidiocesismty.org\/arquimty\/wp-content\/uploads\/2017\/09\/centro_monterrey.jpg\" width=\"600\" height=\"741\" srcset=\"https:\/\/www.arquidiocesismty.org\/arquimty\/wp-content\/uploads\/2017\/09\/centro_monterrey.jpg 600w, https:\/\/www.arquidiocesismty.org\/arquimty\/wp-content\/uploads\/2017\/09\/centro_monterrey-243x300.jpg 243w, https:\/\/www.arquidiocesismty.org\/arquimty\/wp-content\/uploads\/2017\/09\/centro_monterrey-118x146.jpg 118w, https:\/\/www.arquidiocesismty.org\/arquimty\/wp-content\/uploads\/2017\/09\/centro_monterrey-40x50.jpg 40w, https:\/\/www.arquidiocesismty.org\/arquimty\/wp-content\/uploads\/2017\/09\/centro_monterrey-61x75.jpg 61w\" sizes=\"(max-width: 600px) 100vw, 600px\" \/><\/a><\/p>\n<p><a href=\"https:\/\/www.arquidiocesismty.org\/arquimty\/ubica-los-centros-de-acopio-en-tu-parroquia-mas-cercana\/centro_monterrey2\/\"><img decoding=\"async\" loading=\"lazy\" class=\"aligncenter wp-image-2474 size-full\" src=\"https:\/\/www.arquidiocesismty.org\/arquimty\/wp-content\/uploads\/2017\/09\/centro_monterrey2.jpg\" width=\"600\" height=\"800\" srcset=\"https:\/\/www.arquidiocesismty.org\/arquimty\/wp-content\/uploads\/2017\/09\/centro_monterrey2.jpg 600w, https:\/\/www.arquidiocesismty.org\/arquimty\/wp-content\/uploads\/2017\/09\/centro_monterrey2-225x300.jpg 225w, https:\/\/www.arquidiocesismty.org\/arquimty\/wp-content\/uploads\/2017\/09\/centro_monterrey2-110x146.jpg 110w, https:\/\/www.arquidiocesismty.org\/arquimty\/wp-content\/uploads\/2017\/09\/centro_monterrey2-38x50.jpg 38w, https:\/\/www.arquidiocesismty.org\/arquimty\/wp-content\/uploads\/2017\/09\/centro_monterrey2-56x75.jpg 56w\" sizes=\"(max-width: 600px) 100vw, 600px\" \/><\/a><\/p>\n<p><a href=\"https:\/\/www.arquidiocesismty.org\/arquimty\/ubica-los-centros-de-acopio-en-tu-parroquia-mas-cercana\/centro_monterrey3\/\"><img decoding=\"async\" loading=\"lazy\" class=\"aligncenter wp-image-2475 size-full\" src=\"https:\/\/www.arquidiocesismty.org\/arquimty\/wp-content\/uploads\/2017\/09\/centro_monterrey3.jpg\" width=\"600\" height=\"925\" srcset=\"https:\/\/www.arquidiocesismty.org\/arquimty\/wp-content\/uploads\/2017\/09\/centro_monterrey3.jpg 600w, https:\/\/www.arquidiocesismty.org\/arquimty\/wp-content\/uploads\/2017\/09\/centro_monterrey3-195x300.jpg 195w, https:\/\/www.arquidiocesismty.org\/arquimty\/wp-content\/uploads\/2017\/09\/centro_monterrey3-95x146.jpg 95w, https:\/\/www.arquidiocesismty.org\/arquimty\/wp-content\/uploads\/2017\/09\/centro_monterrey3-32x50.jpg 32w, https:\/\/www.arquidiocesismty.org\/arquimty\/wp-content\/uploads\/2017\/09\/centro_monterrey3-49x75.jpg 49w\" sizes=\"(max-width: 600px) 100vw, 600px\" \/><\/a><\/p>\n<p><a href=\"https:\/\/www.arquidiocesismty.org\/arquimty\/ubica-los-centros-de-acopio-en-tu-parroquia-mas-cercana\/centro_san_pedro\/\"><img decoding=\"async\" loading=\"lazy\" class=\"aligncenter wp-image-2476 size-full\" src=\"https:\/\/www.arquidiocesismty.org\/arquimty\/wp-content\/uploads\/2017\/09\/centro_san_pedro.jpg\" width=\"600\" height=\"868\" srcset=\"https:\/\/www.arquidiocesismty.org\/arquimty\/wp-content\/uploads\/2017\/09\/centro_san_pedro.jpg 600w, https:\/\/www.arquidiocesismty.org\/arquimty\/wp-content\/uploads\/2017\/09\/centro_san_pedro-207x300.jpg 207w, https:\/\/www.arquidiocesismty.org\/arquimty\/wp-content\/uploads\/2017\/09\/centro_san_pedro-101x146.jpg 101w, https:\/\/www.arquidiocesismty.org\/arquimty\/wp-content\/uploads\/2017\/09\/centro_san_pedro-35x50.jpg 35w, https:\/\/www.arquidiocesismty.org\/arquimty\/wp-content\/uploads\/2017\/09\/centro_san_pedro-52x75.jpg 52w\" sizes=\"(max-width: 600px) 100vw, 600px\" \/><\/a><\/p>\n<p><a href=\"https:\/\/www.arquidiocesismty.org\/arquimty\/ubica-los-centros-de-acopio-en-tu-parroquia-mas-cercana\/centro_apodaca\/\"><img decoding=\"async\" loading=\"lazy\" class=\"aligncenter wp-image-2477 size-full\" src=\"https:\/\/www.arquidiocesismty.org\/arquimty\/wp-content\/uploads\/2017\/09\/centro_apodaca.jpg\" width=\"600\" height=\"440\" srcset=\"https:\/\/www.arquidiocesismty.org\/arquimty\/wp-content\/uploads\/2017\/09\/centro_apodaca.jpg 600w, https:\/\/www.arquidiocesismty.org\/arquimty\/wp-content\/uploads\/2017\/09\/centro_apodaca-300x220.jpg 300w, https:\/\/www.arquidiocesismty.org\/arquimty\/wp-content\/uploads\/2017\/09\/centro_apodaca-199x146.jpg 199w, https:\/\/www.arquidiocesismty.org\/arquimty\/wp-content\/uploads\/2017\/09\/centro_apodaca-50x37.jpg 50w, https:\/\/www.arquidiocesismty.org\/arquimty\/wp-content\/uploads\/2017\/09\/centro_apodaca-102x75.jpg 102w\" sizes=\"(max-width: 600px) 100vw, 600px\" \/><\/a><\/p>\n<p><a href=\"https:\/\/www.arquidiocesismty.org\/arquimty\/ubica-los-centros-de-acopio-en-tu-parroquia-mas-cercana\/centro_cadereyta\/\"><img decoding=\"async\" loading=\"lazy\" class=\"aligncenter wp-image-2478 size-full\" src=\"https:\/\/www.arquidiocesismty.org\/arquimty\/wp-content\/uploads\/2017\/09\/centro_cadereyta.jpg\" width=\"600\" height=\"683\" srcset=\"https:\/\/www.arquidiocesismty.org\/arquimty\/wp-content\/uploads\/2017\/09\/centro_cadereyta.jpg 600w, https:\/\/www.arquidiocesismty.org\/arquimty\/wp-content\/uploads\/2017\/09\/centro_cadereyta-264x300.jpg 264w, https:\/\/www.arquidiocesismty.org\/arquimty\/wp-content\/uploads\/2017\/09\/centro_cadereyta-128x146.jpg 128w, https:\/\/www.arquidiocesismty.org\/arquimty\/wp-content\/uploads\/2017\/09\/centro_cadereyta-44x50.jpg 44w, https:\/\/www.arquidiocesismty.org\/arquimty\/wp-content\/uploads\/2017\/09\/centro_cadereyta-66x75.jpg 66w\" sizes=\"(max-width: 600px) 100vw, 600px\" \/><\/a><\/p>\n<p><a href=\"https:\/\/www.arquidiocesismty.org\/arquimty\/ubica-los-centros-de-acopio-en-tu-parroquia-mas-cercana\/centro_guadalupe\/\"><img decoding=\"async\" loading=\"lazy\" class=\"aligncenter wp-image-2479 size-full\" src=\"https:\/\/www.arquidiocesismty.org\/arquimty\/wp-content\/uploads\/2017\/09\/centro_guadalupe.jpg\" width=\"600\" height=\"896\" srcset=\"https:\/\/www.arquidiocesismty.org\/arquimty\/wp-content\/uploads\/2017\/09\/centro_guadalupe.jpg 600w, https:\/\/www.arquidiocesismty.org\/arquimty\/wp-content\/uploads\/2017\/09\/centro_guadalupe-201x300.jpg 201w, https:\/\/www.arquidiocesismty.org\/arquimty\/wp-content\/uploads\/2017\/09\/centro_guadalupe-98x146.jpg 98w, https:\/\/www.arquidiocesismty.org\/arquimty\/wp-content\/uploads\/2017\/09\/centro_guadalupe-33x50.jpg 33w, https:\/\/www.arquidiocesismty.org\/arquimty\/wp-content\/uploads\/2017\/09\/centro_guadalupe-50x75.jpg 50w\" sizes=\"(max-width: 600px) 100vw, 600px\" \/><\/a><\/p>\n<p><a href=\"https:\/\/www.arquidiocesismty.org\/arquimty\/ubica-los-centros-de-acopio-en-tu-parroquia-mas-cercana\/centro_juarez\/\"><img decoding=\"async\" loading=\"lazy\" class=\"aligncenter wp-image-2472 size-full\" src=\"https:\/\/www.arquidiocesismty.org\/arquimty\/wp-content\/uploads\/2017\/09\/centro_juarez.jpg\" width=\"600\" height=\"877\" srcset=\"https:\/\/www.arquidiocesismty.org\/arquimty\/wp-content\/uploads\/2017\/09\/centro_juarez.jpg 600w, https:\/\/www.arquidiocesismty.org\/arquimty\/wp-content\/uploads\/2017\/09\/centro_juarez-205x300.jpg 205w, https:\/\/www.arquidiocesismty.org\/arquimty\/wp-content\/uploads\/2017\/09\/centro_juarez-100x146.jpg 100w, https:\/\/www.arquidiocesismty.org\/arquimty\/wp-content\/uploads\/2017\/09\/centro_juarez-34x50.jpg 34w, https:\/\/www.arquidiocesismty.org\/arquimty\/wp-content\/uploads\/2017\/09\/centro_juarez-51x75.jpg 51w\" sizes=\"(max-width: 600px) 100vw, 600px\" \/><\/a><\/p>\n","protected":false},"excerpt":{"rendered":"<p>Hemos demostrado la solidaridad de los regios hacia nuestros hermanos de la Ciudad de M\u00e9xico, luego del terremoto de magnitud 7,1 que a afectado algunas zonas,<span class=\"excerpt-hellip\"> [\u2026]<\/span><\/p>\n","protected":false},"author":2,"featured_media":2463,"comment_status":"open","ping_status":"open","sticky":false,"template":"","format":"standard","meta":[],"categories":[7],"tags":[],"_links":{"self":[{"href":"https:\/\/www.arquidiocesismty.org\/arquimty\/wp-json\/wp\/v2\/posts\/2416"}],"collection":[{"href":"https:\/\/www.arquidiocesismty.org\/arquimty\/wp-json\/wp\/v2\/posts"}],"about":[{"href":"https:\/\/www.arquidiocesismty.org\/arquimty\/wp-json\/wp\/v2\/types\/post"}],"author":[{"embeddable":true,"href":"https:\/\/www.arquidiocesismty.org\/arquimty\/wp-json\/wp\/v2\/users\/2"}],"replies":[{"embeddable":true,"href":"https:\/\/www.arquidiocesismty.org\/arquimty\/wp-json\/wp\/v2\/comments?post=2416"}],"version-history":[{"count":23,"href":"https:\/\/www.arquidiocesismty.org\/arquimty\/wp-json\/wp\/v2\/posts\/2416\/revisions"}],"predecessor-version":[{"id":2482,"href":"https:\/\/www.arquidiocesismty.org\/arquimty\/wp-json\/wp\/v2\/posts\/2416\/revisions\/2482"}],"wp:featuredmedia":[{"embeddable":true,"href":"https:\/\/www.arquidiocesismty.org\/arquimty\/wp-json\/wp\/v2\/media\/2463"}],"wp:attachment":[{"href":"https:\/\/www.arquidiocesismty.org\/arquimty\/wp-json\/wp\/v2\/media?parent=2416"}],"wp:term":[{"taxonomy":"category","embeddable":true,"href":"https:\/\/www.arquidiocesismty.org\/arquimty\/wp-json\/wp\/v2\/categories?post=2416"},{"taxonomy":"post_tag","embeddable":true,"href":"https:\/\/www.arquidiocesismty.org\/arquimty\/wp-json\/wp\/v2\/tags?post=2416"}],"curies":[{"name":"wp","href":"https:\/\/api.w.org\/{rel}","templated":true}]}}