{"id":2388,"date":"2017-09-20T12:36:52","date_gmt":"2017-09-20T17:36:52","guid":{"rendered":"https:\/\/www.arquidiocesismty.org\/arquimty\/?p=2388"},"modified":"2017-11-15T13:48:05","modified_gmt":"2017-11-15T19:48:05","slug":"signos-de-la-jornada-mundial-de-la-juventud-2017-llegan-a-monterrey","status":"publish","type":"post","link":"https:\/\/www.arquidiocesismty.org\/arquimty\/signos-de-la-jornada-mundial-de-la-juventud-2017-llegan-a-monterrey\/","title":{"rendered":"Signos de la Jornada Mundial de la Juventud 2017, llegan a Monterrey."},"content":{"rendered":"<h4>\u201c<em>Queridos j\u00f3venes, al clausurar el A\u00f1o Santo os conf\u00edo el signo de este A\u00f1o Jubilar: \u00a1la Cruz de Cristo! Llevadla por el mundo como signo del amor del Se\u00f1or Jes\u00fas a la humanidad y anunciad a todos que s\u00f3lo en Cristo muerto y resucitado hay salvaci\u00f3n y redenci\u00f3n<\/em>\u201d. San Juan Pablo II\u00a0(Roma, 22 de abril de 1984).<\/h4>\n<p><strong>Monterret, N.L. (<a href=\"http:\/\/www.arquidiocesismty.org\/\" target=\"_blank\">www.arquidiocesismty.org<\/a>) 20 de septiembre del 2017.-<\/strong> El pasado 15 de Septiembre, llegaron a Monterrey los signos de la JMJ, la\u00a0Cruz Peregrina y el Icono de Mar\u00eda Salus Populi Romani.<\/p>\n<p>El recorrido de los Signos de la JMJ, const\u00f3 de 12 estaciones, entre las cuales se encuentran los siguientes: Tutelar para menores, Parroquia Santa Mar\u00eda Goretti, Hospital Metropolitano, Regio Chepevera, Catedral Metropolitana, Seminario Menor, Parroquia San Juan de la Cruz, Oraci\u00f3n con universitarios, Parroquia Santa Engracia, encuentro con los j\u00f3venes de Raza Nueva en Cristo, despedida y celebraci\u00f3n en el Colegio Exc\u00e9lsior, entre otros sitios.<\/p>\n<p>Los signos estuvieron acompa\u00f1ados de Veladas nocturnas, Adoraci\u00f3n al Sant\u00edsimo Sacramento, Celebraci\u00f3n de la palabra, Encuentros Eucar\u00edsticos, explicaci\u00f3n de los Signos, encuentro con Indigentes y Migrantes, marcha de la luz y color, encuentro vocacional y m\u00e1s actividades.<\/p>\n<p>La Cruz Peregrina mide 3,8 metros y fue entregada por primera vez a los j\u00f3venes por el Papa San Juan Pablo II en 1984.<\/p>\n<p>Es conocida como la \u201cCruz del A\u00f1o Santo\u201d, la \u201cCruz del Jubileo\u201d, la \u201cCruz de las JMJ\u201d, la \u201cCruz peregrina\u201d; muchos la llaman la \u201cCruz de los j\u00f3venes\u201d, porque ha sido entregada especialmente a los j\u00f3venes para que la llevasen por todo el mundo, a todos los lugares y en todo tiempo.<\/p>\n<p>El icono de la Patrona de la JMJ fue entregado por el mismo Pont\u00edfice en el 2003. Mar\u00eda Salus Populi Romani (<em>Protectora del Pueblo Romano<\/em>). Seg\u00fan la tradici\u00f3n, fue pintada por San Lucas en un trozo de madera de la mesa que se utiliz\u00f3 durante la \u00daltima Cena.<\/p>\n<p>La Salus Populi Romani ha sido una de las devociones favoritas de varios papas, el icono actu\u00f3 como un s\u00edmbolo cat\u00f3lico Mariol\u00f3gico, sobre todo en Roma. Recientes estudios han demostrado que el icono tiene 2.000 a\u00f1os de antig\u00fcedad, lo cual respalda la tradici\u00f3n de que proviene de los primeros cristianos.<\/p>\n","protected":false},"excerpt":{"rendered":"<p>\u201cQueridos j\u00f3venes, al clausurar el A\u00f1o Santo os conf\u00edo el signo de este A\u00f1o Jubilar: \u00a1la Cruz de Cristo! Llevadla por el mundo como signo del<span class=\"excerpt-hellip\"> [\u2026]<\/span><\/p>\n","protected":false},"author":2,"featured_media":2392,"comment_status":"open","ping_status":"open","sticky":false,"template":"","format":"standard","meta":[],"categories":[7,14],"tags":[],"_links":{"self":[{"href":"https:\/\/www.arquidiocesismty.org\/arquimty\/wp-json\/wp\/v2\/posts\/2388"}],"collection":[{"href":"https:\/\/www.arquidiocesismty.org\/arquimty\/wp-json\/wp\/v2\/posts"}],"about":[{"href":"https:\/\/www.arquidiocesismty.org\/arquimty\/wp-json\/wp\/v2\/types\/post"}],"author":[{"embeddable":true,"href":"https:\/\/www.arquidiocesismty.org\/arquimty\/wp-json\/wp\/v2\/users\/2"}],"replies":[{"embeddable":true,"href":"https:\/\/www.arquidiocesismty.org\/arquimty\/wp-json\/wp\/v2\/comments?post=2388"}],"version-history":[{"count":10,"href":"https:\/\/www.arquidiocesismty.org\/arquimty\/wp-json\/wp\/v2\/posts\/2388\/revisions"}],"predecessor-version":[{"id":2615,"href":"https:\/\/www.arquidiocesismty.org\/arquimty\/wp-json\/wp\/v2\/posts\/2388\/revisions\/2615"}],"wp:featuredmedia":[{"embeddable":true,"href":"https:\/\/www.arquidiocesismty.org\/arquimty\/wp-json\/wp\/v2\/media\/2392"}],"wp:attachment":[{"href":"https:\/\/www.arquidiocesismty.org\/arquimty\/wp-json\/wp\/v2\/media?parent=2388"}],"wp:term":[{"taxonomy":"category","embeddable":true,"href":"https:\/\/www.arquidiocesismty.org\/arquimty\/wp-json\/wp\/v2\/categories?post=2388"},{"taxonomy":"post_tag","embeddable":true,"href":"https:\/\/www.arquidiocesismty.org\/arquimty\/wp-json\/wp\/v2\/tags?post=2388"}],"curies":[{"name":"wp","href":"https:\/\/api.w.org\/{rel}","templated":true}]}}