{"id":2385,"date":"2017-09-20T10:33:35","date_gmt":"2017-09-20T15:33:35","guid":{"rendered":"https:\/\/www.arquidiocesismty.org\/arquimty\/?p=2385"},"modified":"2017-09-20T10:56:49","modified_gmt":"2017-09-20T15:56:49","slug":"ayuda-urgente-a-damnificados-por-el-sismo-en-mexico","status":"publish","type":"post","link":"https:\/\/www.arquidiocesismty.org\/arquimty\/ayuda-urgente-a-damnificados-por-el-sismo-en-mexico\/","title":{"rendered":"Ayuda Urgente a damnificados por el sismo en M\u00e9xico"},"content":{"rendered":"<p>A TODA LA IGLESIA QUE PEREGRINA EN MONTERREY \u00a1PAZ Y BIEN!<\/p>\n<p>\u201cMientras tengamos oportunidad, hagamos el bien a todos<br \/>\ny especialmente a los de casa\u2026\u201d<br \/>\nGal 6, 10<\/p>\n<p>Nuevamente la naturaleza ha azotado nuestra patria, ahora con el sismo de ayer 19 de septiembre con epicentro en Axochiapan, Morelos. Como hemos podido constatar por los medios de comunicaci\u00f3n, las v\u00edctimas son muchas y los da\u00f1os son innumerables. Es por ello que he querido comunicarme con toda la Iglesia de Monterrey para invitarlos a salir al encuentro de nuestros hermanos que requieren de manera urgente nuestra ayuda.<\/p>\n<p>Primeramente quiero hacer un llamado a sumarnos a las redes ya existentes de solidaridad para ayudar a las v\u00edctimas del sismo.<\/p>\n<p>Tambi\u00e9n los invito a que promovamos el apoyo tanto material como econ\u00f3mico a trav\u00e9s de los canales de organizaciones civiles como de la Iglesia. Recordando que el canal de ayuda de la Iglesia es C\u00c1RITAS MEXICANA.<\/p>\n<p>Quiero pedirles a todas las Parroquias y Templos de la Arquidi\u00f3cesis de Monterrey a que recojan la ayuda que les sea entregada para ayudar a los damnificados por el sismo y que la entreguen en las oficinas de C\u00c1RITAS MONTERREY, ubicadas en Francisco Garza Sada 2810, Deportivo Obispado, 64040 Monterrey, N.L.<\/p>\n<p>Con la finalidad de que nuestras acciones sean eficaces, los invito a que antes de destinar la ayuda material, consultemos el tipo de apoyo que se necesita: alimentos no perecederos, medicinas, productos de higiene personal, etc.<\/p>\n<p>Agradezco de antemano su apoyo, conociendo la generosidad que caracteriza al pueblo Regiomontano.<\/p>\n<p>Encomendemos a la Sant\u00edsima Virgen de Guadalupe nuestra naci\u00f3n, especialmente a todos los afectados por los sismos ocurridos recientemente. Que Dios bendiga su generosidad.<\/p>\n<p>Dado en la sede del Arzobispado de Monterrey a los 20 d\u00edas del mes de septiembre del a\u00f1o del Se\u00f1or 2017.<\/p>\n<p>Atentamente,<\/p>\n<p>+ Rogelio Cabrera L\u00f3pez<br \/>\nArzobispo de Monterrey<\/p>\n<p>Doy fe<br \/>\nHna. Celia Alejandra Dur\u00e1n Vel\u00e1zquez<br \/>\nVicecanciller<\/p>\n","protected":false},"excerpt":{"rendered":"<p>A TODA LA IGLESIA QUE PEREGRINA EN MONTERREY \u00a1PAZ Y BIEN! \u201cMientras tengamos oportunidad, hagamos el bien a todos y especialmente a los de casa\u2026\u201d Gal<span class=\"excerpt-hellip\"> [\u2026]<\/span><\/p>\n","protected":false},"author":5,"featured_media":2386,"comment_status":"open","ping_status":"open","sticky":false,"template":"","format":"standard","meta":[],"categories":[14],"tags":[],"_links":{"self":[{"href":"https:\/\/www.arquidiocesismty.org\/arquimty\/wp-json\/wp\/v2\/posts\/2385"}],"collection":[{"href":"https:\/\/www.arquidiocesismty.org\/arquimty\/wp-json\/wp\/v2\/posts"}],"about":[{"href":"https:\/\/www.arquidiocesismty.org\/arquimty\/wp-json\/wp\/v2\/types\/post"}],"author":[{"embeddable":true,"href":"https:\/\/www.arquidiocesismty.org\/arquimty\/wp-json\/wp\/v2\/users\/5"}],"replies":[{"embeddable":true,"href":"https:\/\/www.arquidiocesismty.org\/arquimty\/wp-json\/wp\/v2\/comments?post=2385"}],"version-history":[{"count":3,"href":"https:\/\/www.arquidiocesismty.org\/arquimty\/wp-json\/wp\/v2\/posts\/2385\/revisions"}],"predecessor-version":[{"id":2390,"href":"https:\/\/www.arquidiocesismty.org\/arquimty\/wp-json\/wp\/v2\/posts\/2385\/revisions\/2390"}],"wp:featuredmedia":[{"embeddable":true,"href":"https:\/\/www.arquidiocesismty.org\/arquimty\/wp-json\/wp\/v2\/media\/2386"}],"wp:attachment":[{"href":"https:\/\/www.arquidiocesismty.org\/arquimty\/wp-json\/wp\/v2\/media?parent=2385"}],"wp:term":[{"taxonomy":"category","embeddable":true,"href":"https:\/\/www.arquidiocesismty.org\/arquimty\/wp-json\/wp\/v2\/categories?post=2385"},{"taxonomy":"post_tag","embeddable":true,"href":"https:\/\/www.arquidiocesismty.org\/arquimty\/wp-json\/wp\/v2\/tags?post=2385"}],"curies":[{"name":"wp","href":"https:\/\/api.w.org\/{rel}","templated":true}]}}