{"id":2324,"date":"2017-09-17T17:17:18","date_gmt":"2017-09-17T22:17:18","guid":{"rendered":"https:\/\/www.arquidiocesismty.org\/arquimty\/?p=2324"},"modified":"2017-09-21T15:31:15","modified_gmt":"2017-09-21T20:31:15","slug":"agradece-ayuda-a-victimas-del-terremoto-y-visita-de-los-signos","status":"publish","type":"post","link":"https:\/\/www.arquidiocesismty.org\/arquimty\/agradece-ayuda-a-victimas-del-terremoto-y-visita-de-los-signos\/","title":{"rendered":"AGRADECE AYUDA A V\u00cdCTIMAS DEL TERREMOTO Y VISITA DE LOS SIGNOS"},"content":{"rendered":"<p><strong>Monterrey, N. L.<\/strong> (<a href=\"http:\/\/www.pastoralsiglo21.org\">www.pastoralsiglo21.org<\/a>) 17 de septiembre del 2017.- Por ser las fiestas patrias y el\u00a0 aniversario de la fundaci\u00f3n de Monterrey motivos para que los mexicanos fortalezcan su compromiso solidario con los m\u00e1s necesitados, Mons. Rogelio Cabrera L\u00f3pez, Arzobispo de Monterrey, agradeci\u00f3 la ayuda que se ha brindado a las v\u00edctimas del reciente terremoto al sur de M\u00e9xico.<\/p>\n<p>Fue durante la rueda de prensa dominical cuando agradeci\u00f3 la ayuda a los hermanos afectados.<\/p>\n<p>\u201cDe manera especial agradezco a los fieles de la Arquidi\u00f3cesis de Monterrey su generosidad de estas \u00faltimas semanas en donde hemos hecho un llamado para destinar parte de las colectas dominicales para quienes requieren de manera urgente nuestro apoyo y reitero el llamado fraterno para que no nos olvidemos de ellos, sobre todo ahora que est\u00e1n iniciando el largo proceso de reconstrucci\u00f3n de sus hogares\u201d, dijo.<\/p>\n<p>Al mismo tiempo hizo un llamado para no claudicar en el esfuerzo cotidiano de proteger el medio ambiente, y de cuidar, como dice el Papa Francisco, la casa com\u00fan.<\/p>\n<p>\u201cPido a las autoridades sigan reforzando las campa\u00f1as de concientizaci\u00f3n y que no dejen para despu\u00e9s el trabajo que debe realizarse hoy\u201d.<\/p>\n<p>Tambi\u00e9n comparti\u00f3 la alegr\u00eda de tener en la Arquidi\u00f3cesis los signos de la Jornada Mundial de la Juventud, que son la Cruz y un \u00edcono de la Virgen Mar\u00eda y que forma parte de la peregrinaci\u00f3n que se realizar\u00e1 por Centroam\u00e9rica y el Caribe, y que tiene como fin realizar una catequesis dirigida a los j\u00f3venes que los lleve a vivir la pr\u00f3xima Jornada del 2019 como punto de partida para una nueva evangelizaci\u00f3n del mundo juvenil.<\/p>\n<p>Los signos estar\u00e1n en varios lugares, como el Tutelar de Menores, Hospital Metropolitano, Colegio Regiomontano, Casa del Indigente, Raza Nueva en Cristo, Universidad de Monterrey y Seminario de Monterrey.<\/p>\n<p><strong>Por Roc\u00edo D\u00edaz<\/strong><\/p>\n","protected":false},"excerpt":{"rendered":"<p>Monterrey, N. L. (www.pastoralsiglo21.org) 17 de septiembre del 2017.- Por ser las fiestas patrias y el\u00a0 aniversario de la fundaci\u00f3n de Monterrey motivos para que los<span class=\"excerpt-hellip\"> [\u2026]<\/span><\/p>\n","protected":false},"author":3,"featured_media":2325,"comment_status":"open","ping_status":"open","sticky":false,"template":"","format":"standard","meta":[],"categories":[14],"tags":[],"_links":{"self":[{"href":"https:\/\/www.arquidiocesismty.org\/arquimty\/wp-json\/wp\/v2\/posts\/2324"}],"collection":[{"href":"https:\/\/www.arquidiocesismty.org\/arquimty\/wp-json\/wp\/v2\/posts"}],"about":[{"href":"https:\/\/www.arquidiocesismty.org\/arquimty\/wp-json\/wp\/v2\/types\/post"}],"author":[{"embeddable":true,"href":"https:\/\/www.arquidiocesismty.org\/arquimty\/wp-json\/wp\/v2\/users\/3"}],"replies":[{"embeddable":true,"href":"https:\/\/www.arquidiocesismty.org\/arquimty\/wp-json\/wp\/v2\/comments?post=2324"}],"version-history":[{"count":1,"href":"https:\/\/www.arquidiocesismty.org\/arquimty\/wp-json\/wp\/v2\/posts\/2324\/revisions"}],"predecessor-version":[{"id":2326,"href":"https:\/\/www.arquidiocesismty.org\/arquimty\/wp-json\/wp\/v2\/posts\/2324\/revisions\/2326"}],"wp:featuredmedia":[{"embeddable":true,"href":"https:\/\/www.arquidiocesismty.org\/arquimty\/wp-json\/wp\/v2\/media\/2325"}],"wp:attachment":[{"href":"https:\/\/www.arquidiocesismty.org\/arquimty\/wp-json\/wp\/v2\/media?parent=2324"}],"wp:term":[{"taxonomy":"category","embeddable":true,"href":"https:\/\/www.arquidiocesismty.org\/arquimty\/wp-json\/wp\/v2\/categories?post=2324"},{"taxonomy":"post_tag","embeddable":true,"href":"https:\/\/www.arquidiocesismty.org\/arquimty\/wp-json\/wp\/v2\/tags?post=2324"}],"curies":[{"name":"wp","href":"https:\/\/api.w.org\/{rel}","templated":true}]}}