{"id":2262,"date":"2017-09-12T18:18:32","date_gmt":"2017-09-12T23:18:32","guid":{"rendered":"https:\/\/www.arquidiocesismty.org\/arquimty\/?p=2262"},"modified":"2017-09-13T10:40:39","modified_gmt":"2017-09-13T15:40:39","slug":"bibliaton-2017","status":"publish","type":"post","link":"https:\/\/www.arquidiocesismty.org\/arquimty\/bibliaton-2017\/","title":{"rendered":"Bibliaton 2017"},"content":{"rendered":"<p>\u00bfQu\u00e9 es?<\/p>\n<p>Es una actividad que consiste en recolectar biblias usadas, para despu\u00e9s regalarlas a personas sin techo en los diferentes centros de dignificaci\u00f3n humana nuestra arquidi\u00f3cesis (Casas para migrantes). Se estar\u00e1 comunicando mediante nuestras redes sociales.<\/p>\n<p>\u00bfDonde puedo llevar mi biblia?<br \/>\nPuedes entregarla en los siguientes lugares:<\/p>\n<p>Monterrey: Bas\u00edlica del Roble, Bas\u00edlica de Guadalupe y Parroquia San Pablo Ap\u00f3stol<\/p>\n<p>San Nicol\u00e1s: Parroquias San Jorge M\u00e1rtir (En la Sacrist\u00eda) y Santa Cruz<\/p>\n<p>Apodaca: Parroquia San Francisco de As\u00eds<\/p>\n<p>Escobedo: Parroquia Nuestra Sra. De la Soledad<\/p>\n<p>San Pedro: Parroquia Nuestra Sra. de F\u00e1tima<\/p>\n<p>Posteriormente se recolectar\u00e1n, para ser entregadas por voluntarios de los diferentes movimientos de Pastoral social.<\/p>\n","protected":false},"excerpt":{"rendered":"<p>\u00bfQu\u00e9 es? Es una actividad que consiste en recolectar biblias usadas, para despu\u00e9s regalarlas a personas sin techo en los diferentes centros de dignificaci\u00f3n humana nuestra<span class=\"excerpt-hellip\"> [\u2026]<\/span><\/p>\n","protected":false},"author":5,"featured_media":2263,"comment_status":"open","ping_status":"open","sticky":false,"template":"","format":"standard","meta":[],"categories":[14],"tags":[],"_links":{"self":[{"href":"https:\/\/www.arquidiocesismty.org\/arquimty\/wp-json\/wp\/v2\/posts\/2262"}],"collection":[{"href":"https:\/\/www.arquidiocesismty.org\/arquimty\/wp-json\/wp\/v2\/posts"}],"about":[{"href":"https:\/\/www.arquidiocesismty.org\/arquimty\/wp-json\/wp\/v2\/types\/post"}],"author":[{"embeddable":true,"href":"https:\/\/www.arquidiocesismty.org\/arquimty\/wp-json\/wp\/v2\/users\/5"}],"replies":[{"embeddable":true,"href":"https:\/\/www.arquidiocesismty.org\/arquimty\/wp-json\/wp\/v2\/comments?post=2262"}],"version-history":[{"count":2,"href":"https:\/\/www.arquidiocesismty.org\/arquimty\/wp-json\/wp\/v2\/posts\/2262\/revisions"}],"predecessor-version":[{"id":2266,"href":"https:\/\/www.arquidiocesismty.org\/arquimty\/wp-json\/wp\/v2\/posts\/2262\/revisions\/2266"}],"wp:featuredmedia":[{"embeddable":true,"href":"https:\/\/www.arquidiocesismty.org\/arquimty\/wp-json\/wp\/v2\/media\/2263"}],"wp:attachment":[{"href":"https:\/\/www.arquidiocesismty.org\/arquimty\/wp-json\/wp\/v2\/media?parent=2262"}],"wp:term":[{"taxonomy":"category","embeddable":true,"href":"https:\/\/www.arquidiocesismty.org\/arquimty\/wp-json\/wp\/v2\/categories?post=2262"},{"taxonomy":"post_tag","embeddable":true,"href":"https:\/\/www.arquidiocesismty.org\/arquimty\/wp-json\/wp\/v2\/tags?post=2262"}],"curies":[{"name":"wp","href":"https:\/\/api.w.org\/{rel}","templated":true}]}}