{"id":2255,"date":"2017-09-12T10:44:34","date_gmt":"2017-09-12T15:44:34","guid":{"rendered":"https:\/\/www.arquidiocesismty.org\/arquimty\/?p=2255"},"modified":"2017-09-14T12:35:30","modified_gmt":"2017-09-14T17:35:30","slug":"programa-provincial-de-la-visita-de-los-signos-de-la-jmj","status":"publish","type":"post","link":"https:\/\/www.arquidiocesismty.org\/arquimty\/programa-provincial-de-la-visita-de-los-signos-de-la-jmj\/","title":{"rendered":"PROGRAMA PROVINCIAL DE LA VISITA DE LOS SIGNOS DE LA JMJ."},"content":{"rendered":"<p>VIERNES 15 DE SEPTIEMBRE<\/p>\n<p>PRIMERA ESTACI\u00d3N<br \/>\nVELADA EN SALTILLO 8:00 p.m.<br \/>\n* Llegan los signos al Mirador. Concierto de alabanzas.<br \/>\n* Peregrinaci\u00f3n hacia la Parroquia del ojo de Agua<br \/>\n* Misa y Adoraci\u00f3n Eucar\u00edstica.<br \/>\n* Resguardo de los Signos.<br \/>\nResponsable: P. Jes\u00fas Galeano y Tere ramos<\/p>\n<p>S\u00c1BADO 16 DE SEPTIEMBRE<br \/>\nSEGUNDA ESTACI\u00d3N<br \/>\nTUTELAR PARA MENORES 9:00 a.m.<\/p>\n<p>* Traslado de los signos a Mty.<br \/>\n* Revisi\u00f3n e Ingreso de los signos a Tutelar.<br \/>\n* Explicaci\u00f3n de los signos.<br \/>\n* Din\u00e1mica: se les da un papelito a los chicos para que escriban su intenci\u00f3n\/ depositarlas como ofrenda en la urna.<br \/>\n* Celebraci\u00f3n (entregan la canasta con sus intenciones)<br \/>\n* Convivio<br \/>\n* Trasladar signos a siguiente estaci\u00f3n.<br \/>\nResponsable: Lucero Ben\u00edtez y Caballeros de Col\u00f3n.<\/p>\n<p>TERCERA ESTACI\u00d3N<br \/>\nCASA INDI. 1:30 p.m.<br \/>\n* Llegan Signos a la Parroquia Santa Mar\u00eda Goretti.<br \/>\n(Explicaci\u00f3n de los signos, himno de la JMJ, rito penitencial, canto de la Cruz, canto a Mar\u00eda, explicaci\u00f3n del llenado de papeletas de intenciones.)<br \/>\n* Paseo con los signos por la Colonia Garza Nieto. (Detenerse en los lugares m\u00e1s conflictivos y orar con las personas d\u00e1ndoles esperanza y alegr\u00eda, acompa\u00f1an los asistentes y la batucada de Sta. Rosa).<br \/>\n* Llegada a Casa INDI (encuentro con Indigentes y Migrantes y ellos comparten la comida con nosotros).<br \/>\n* Traslado de los signos a siguiente estaci\u00f3n.<br \/>\nResponsable: P. Felipe S\u00e1nchez \/J\u00f3venes DSAP<\/p>\n<p>CUARTA ESTACI\u00d3N<br \/>\nHOSPITAL METROPOLITANO 4:00 p.m.<br \/>\n* Avanzada Cami\u00f3n de la Misericordia (tacos y refrescos para familiares)<br \/>\n* Llegada de los signos a hospital<br \/>\n* Breve explicaci\u00f3n de los signos.<br \/>\n* Oraci\u00f3n por los enfermos y palabras de aliento a los familiares.<br \/>\n* Invitaci\u00f3n a poner sus intenciones en la urna de las peticiones.<br \/>\n* Trasladar Signos a siguiente estaci\u00f3n.<br \/>\nResponsable: Xochitlh Fraga y Eq. de Voluntarios<\/p>\n<p>QUINTA ESTACI\u00d3N<br \/>\nREGIO CHEPEVERA 6:00 pm<br \/>\n* Llegan los Signos a la Salle<br \/>\n* Presentaci\u00f3n JMJ<br \/>\n* Misa Recepci\u00f3n de los Signos<br \/>\n* Inicia Festival Expresi\u00f3n Juvenil (M\u00fasica, Canto, Din\u00e1micas, Etc.)<br \/>\n* Charla: Mensaje de los Papas y el Compromiso Nacional.<br \/>\n* Charla: Noviazgo, \u201cJuntos con Cristo\u201d.<br \/>\nResponsable: Martha N\u00fa\u00f1ez, Dinis Olivares y Equipo de la JMJ<\/p>\n<p>DOMINGO 17 SEPTIEMBRE<br \/>\nSEXTA ESTACION<br \/>\nMARCHA DE LA LUZ Y COLOR 5:30 am<br \/>\n* Salida del Regio Chepevera a la Catedral.<br \/>\n* Con Velas de Colores y Rosario<br \/>\n* Plataforma para Signos<br \/>\n* Oraci\u00f3n, Canto y Animaci\u00f3n<br \/>\nResponsable: Fernando Mendoza e Iris Mart\u00ednez.<\/p>\n<p>S\u00c9PTIMA ESTACION<br \/>\nCATEDRAL METROPOLITANA<br \/>\n* Llegada de los Signos al Atrio<br \/>\n* Cantos y Porras<br \/>\n* Involucrar a Confirmados.<br \/>\n* Eucarist\u00eda con Arzobispo.<br \/>\n* Refrigerio en Atrio y Jard\u00edn<br \/>\n* Resguardo de los Signos.<br \/>\nResponsable: Javier Vallejo, Equipo de Provincia.<\/p>\n<p>OCTAVA ESTACION:<br \/>\nENCUENTRO VOCACIONAL 15:00<br \/>\n* Llegada al Seminario Menor<br \/>\n* J\u00f3venes Inquietud vocacional<br \/>\n*Recibe P. Julio de la Garza<br \/>\n* Ofrenda de Intenciones<br \/>\n* Traslado de los signos<br \/>\nResponsable: Equipo Vocacional.<\/p>\n<p>NOVENA ESTACION<br \/>\nPARR. S. JUAN DE LA CRUZ 19:00<br \/>\n* Llegada de Signos<br \/>\n* Celebra: P. Jos\u00e9 Luis Guerra<br \/>\n(RAZA NUEVA EN CRISTO)<br \/>\n* Pandilleros cargan los signos<br \/>\n* Ofrenda de Intenciones<br \/>\n* Traslado de los signos<br \/>\nResponsable: Enrique Garc\u00eda y Equipo de Decanato.<\/p>\n<p>DECIMA ESTACI\u00d3N<br \/>\nUNIVERSITARIOS 21:15<br \/>\n*Signos llegan a la UDEM<br \/>\n*Llegar a \u00e1rea de Residencias.<br \/>\n*Recibe P. Alejandro Beltr\u00e1n.<br \/>\nResponsable: Nancy Adriano.<\/p>\n<p>DECIMO PRIMERA ESTACI\u00d3N<br \/>\nVIGILIA DE ORACI\u00d3N 22:30<br \/>\n* Parroquia Santa Engracia.<br \/>\n*Junto a Jes\u00fas Eucarist\u00eda<br \/>\n*Por la Ma\u00f1ana traslado al Exc\u00e9lsior.<br \/>\n*LUNES 18 DE SEPTIEMBRE *<\/p>\n<p>D\u00c9CIMA SEGUNDA ESTACI\u00d3N<\/p>\n<p>&#8220;DESPEDIDA&#8221;. 7:00 am<\/p>\n<p>*Mons. Juan Armando celebraci\u00f3n en el Colegio Exc\u00e9lsior.<\/p>\n<p>(Calle Washington) y entregar los Signos a los de Zacatecas que vendr\u00e1n por ellos.<\/p>\n","protected":false},"excerpt":{"rendered":"<p>VIERNES 15 DE SEPTIEMBRE PRIMERA ESTACI\u00d3N VELADA EN SALTILLO 8:00 p.m. * Llegan los signos al Mirador. Concierto de alabanzas. * Peregrinaci\u00f3n hacia la Parroquia del<span class=\"excerpt-hellip\"> [\u2026]<\/span><\/p>\n","protected":false},"author":5,"featured_media":2265,"comment_status":"open","ping_status":"open","sticky":false,"template":"","format":"standard","meta":[],"categories":[14],"tags":[],"_links":{"self":[{"href":"https:\/\/www.arquidiocesismty.org\/arquimty\/wp-json\/wp\/v2\/posts\/2255"}],"collection":[{"href":"https:\/\/www.arquidiocesismty.org\/arquimty\/wp-json\/wp\/v2\/posts"}],"about":[{"href":"https:\/\/www.arquidiocesismty.org\/arquimty\/wp-json\/wp\/v2\/types\/post"}],"author":[{"embeddable":true,"href":"https:\/\/www.arquidiocesismty.org\/arquimty\/wp-json\/wp\/v2\/users\/5"}],"replies":[{"embeddable":true,"href":"https:\/\/www.arquidiocesismty.org\/arquimty\/wp-json\/wp\/v2\/comments?post=2255"}],"version-history":[{"count":6,"href":"https:\/\/www.arquidiocesismty.org\/arquimty\/wp-json\/wp\/v2\/posts\/2255\/revisions"}],"predecessor-version":[{"id":2401,"href":"https:\/\/www.arquidiocesismty.org\/arquimty\/wp-json\/wp\/v2\/posts\/2255\/revisions\/2401"}],"wp:featuredmedia":[{"embeddable":true,"href":"https:\/\/www.arquidiocesismty.org\/arquimty\/wp-json\/wp\/v2\/media\/2265"}],"wp:attachment":[{"href":"https:\/\/www.arquidiocesismty.org\/arquimty\/wp-json\/wp\/v2\/media?parent=2255"}],"wp:term":[{"taxonomy":"category","embeddable":true,"href":"https:\/\/www.arquidiocesismty.org\/arquimty\/wp-json\/wp\/v2\/categories?post=2255"},{"taxonomy":"post_tag","embeddable":true,"href":"https:\/\/www.arquidiocesismty.org\/arquimty\/wp-json\/wp\/v2\/tags?post=2255"}],"curies":[{"name":"wp","href":"https:\/\/api.w.org\/{rel}","templated":true}]}}