{"id":2249,"date":"2017-09-11T14:56:27","date_gmt":"2017-09-11T19:56:27","guid":{"rendered":"https:\/\/www.arquidiocesismty.org\/arquimty\/?p=2249"},"modified":"2017-09-11T15:00:14","modified_gmt":"2017-09-11T20:00:14","slug":"ayuda-a-damnificados-por-el-sismo-mexico","status":"publish","type":"post","link":"https:\/\/www.arquidiocesismty.org\/arquimty\/ayuda-a-damnificados-por-el-sismo-mexico\/","title":{"rendered":"Ayuda a damnificados por el sismo en M\u00e9xico"},"content":{"rendered":"<p>A TODA LA IGLESIA QUE PEREGRINA EN MONTERREY, \u00a1PAZ Y BIEN!<\/p>\n<p>.<br \/>\n\u201cMientras tengamos oportunidad, hagamos el bien a todos y especialmente a los de casa\u2026\u201d<br \/>\nGal 6, 10<\/p>\n<p>.<br \/>\nHe querido iniciar este mensaje con el mismo texto b\u00edblico con el que la semana pasada los invitaba a vivir la caridad con nuestros hermanos afectados por la fuerza del hurac\u00e1n Harvey en la ciudad de Houston, pero a\u00f1adiendo la importancia de ayudar a aquellos que son de nuestra propia casa.<\/p>\n<p>Como bien saben, en d\u00edas pasados en nuestro pa\u00eds enfrentamos la destrucci\u00f3n producto de la incontrolable fuerza de la tierra que se estremece. Hermanos nuestros que han perdido la vida, por ellos oramos para que Dios, en su misericordia, los reciba amorosamente en su reino. Hermanos nuestros que han perdido el hogar y los bienes necesarios para la vida, por ellos oramos para que no pierda la esperanza y confianza en Dios.<br \/>\nPero no podemos quedarnos en la oraci\u00f3n hay que ir a la vida, hay que convertirnos en la raz\u00f3n pr\u00f3xima de esa esperanza en Dios: es nuestra obligaci\u00f3n y responsabilidad como hermanos mostrarle a ese Padre amoroso que los socorre y les regala lo necesario para la vida.<\/p>\n<p>As\u00ed, teniendo conciencia de lo gravoso que puede ser econ\u00f3mica y moralmente el constantemente solicitar m\u00e1s generosidad en nuestras colectas, hoy quiero pedirles de nuevo realizar una segunda colecta en toda nuestra Iglesia local (o bien, que pastores de cada comunidad destinen una parte importante de la colecta normal) para ser la bendici\u00f3n y providencia de Dios para esos hermanos nuestros.<\/p>\n<p>Esta segunda colecta se realizar\u00e1 este Domingo XXIII de Ordinario en todas las iglesias abiertas al culto p\u00fablico en nuestra Arquidi\u00f3cesis (misas de precepto del s\u00e1bado 09 y domingo 10 de septiembre del a\u00f1o en curso).<br \/>\nLes recuerdo, adem\u00e1s, que las cuentas de Caritas de Monterrey est\u00e1n disponibles para todos aquellos fieles y personas de buena voluntad que deseen ayudar a nuestros hermanos en otro momento:<\/p>\n<p>Titular: C\u00e1ritas Monterrey<br \/>\nBanco: Banorte<br \/>\nCuenta: 0000000050<br \/>\nCLABE Interbancaria: 072580000000000503<\/p>\n<p>O bien a la cuenta:<br \/>\nTitular: C\u00e1ritas Monterrey<br \/>\nBanco: Banregio<br \/>\nCuenta: 021000010011<br \/>\nCLABE Interbancaria: 058580210000100110<\/p>\n<p>El correo electr\u00f3nico para solicitar recibo deducible es\u00a0<a href=\"mailto:caritasingresos@caritas.org.mx\" target=\"_blank\" rel=\"noopener noreferrer\">caritasingresos@caritas.org.mx<\/a>\u00a0o bien a los tel\u00e9fonos 13 40 20 60 \/70<\/p>\n<p>Que Dios recompense su generosidad y nuestra Madre Sant\u00edsima del Roble los cubra con su manto.<\/p>\n","protected":false},"excerpt":{"rendered":"<p>A TODA LA IGLESIA QUE PEREGRINA EN MONTERREY, \u00a1PAZ Y BIEN! . \u201cMientras tengamos oportunidad, hagamos el bien a todos y especialmente a los de casa\u2026\u201d<span class=\"excerpt-hellip\"> [\u2026]<\/span><\/p>\n","protected":false},"author":1,"featured_media":2248,"comment_status":"closed","ping_status":"closed","sticky":false,"template":"","format":"standard","meta":[],"categories":[14],"tags":[],"_links":{"self":[{"href":"https:\/\/www.arquidiocesismty.org\/arquimty\/wp-json\/wp\/v2\/posts\/2249"}],"collection":[{"href":"https:\/\/www.arquidiocesismty.org\/arquimty\/wp-json\/wp\/v2\/posts"}],"about":[{"href":"https:\/\/www.arquidiocesismty.org\/arquimty\/wp-json\/wp\/v2\/types\/post"}],"author":[{"embeddable":true,"href":"https:\/\/www.arquidiocesismty.org\/arquimty\/wp-json\/wp\/v2\/users\/1"}],"replies":[{"embeddable":true,"href":"https:\/\/www.arquidiocesismty.org\/arquimty\/wp-json\/wp\/v2\/comments?post=2249"}],"version-history":[{"count":1,"href":"https:\/\/www.arquidiocesismty.org\/arquimty\/wp-json\/wp\/v2\/posts\/2249\/revisions"}],"predecessor-version":[{"id":2250,"href":"https:\/\/www.arquidiocesismty.org\/arquimty\/wp-json\/wp\/v2\/posts\/2249\/revisions\/2250"}],"wp:featuredmedia":[{"embeddable":true,"href":"https:\/\/www.arquidiocesismty.org\/arquimty\/wp-json\/wp\/v2\/media\/2248"}],"wp:attachment":[{"href":"https:\/\/www.arquidiocesismty.org\/arquimty\/wp-json\/wp\/v2\/media?parent=2249"}],"wp:term":[{"taxonomy":"category","embeddable":true,"href":"https:\/\/www.arquidiocesismty.org\/arquimty\/wp-json\/wp\/v2\/categories?post=2249"},{"taxonomy":"post_tag","embeddable":true,"href":"https:\/\/www.arquidiocesismty.org\/arquimty\/wp-json\/wp\/v2\/tags?post=2249"}],"curies":[{"name":"wp","href":"https:\/\/api.w.org\/{rel}","templated":true}]}}