{"id":2214,"date":"2017-09-03T13:52:36","date_gmt":"2017-09-03T18:52:36","guid":{"rendered":"https:\/\/www.arquidiocesismty.org\/arquimty\/?p=2214"},"modified":"2017-09-21T15:31:30","modified_gmt":"2017-09-21T20:31:30","slug":"ayudara-iglesia-a-victimas-de-huracan-harvey","status":"publish","type":"post","link":"https:\/\/www.arquidiocesismty.org\/arquimty\/ayudara-iglesia-a-victimas-de-huracan-harvey\/","title":{"rendered":"AYUDAR\u00c1 IGLESIA A V\u00cdCTIMAS DE HURAC\u00c1N HARVEY"},"content":{"rendered":"<p><strong>Monterrey, N. L.<\/strong> (<a href=\"http:\/\/www.pastoralsiglo21.org\">www.pastoralsiglo21.org<\/a>) <strong>3 de septiembre del 2017.-<\/strong> Entre los afectados del hurac\u00e1n Harvey hay muchos paisanos, familiares o conocidos que necesitan de la ayuda que pueda brindarse, as\u00ed que la Iglesia Cat\u00f3lica de Monterrey enviar\u00e1 una ayuda especial.<\/p>\n<p>Mons. Rogelio Cabrera L\u00f3pez, Arzobispo de Monterrey, hizo un llamado a todos los fieles para que manifiesten su solidaridad con quienes necesitan ayuda de manera urgente, por lo que se est\u00e1 realizando una colecta especial este fin de semana en todas las parroquias.<\/p>\n<p>\u201cTal vez no resolveremos nada de la raz\u00f3n econ\u00f3mica, pero ser\u00e1 muy agradable para ellos saber que en Monterrey los queremos mucho y pedimos por ellos\u201d, dijo.<\/p>\n<p>Adem\u00e1s de la colecta econ\u00f3mica, invit\u00f3 a quienes deseen colaborar de otra manera, se comuniquen a las oficinas de C\u00e1ritas de Monterrey, en donde se est\u00e1n coordinando para enviar ayuda como medicamentos, ropa y dem\u00e1s art\u00edculos de primera necesidad.<\/p>\n<p><strong>Viaje a Colombia<\/strong><\/p>\n<p>Mons. Rogelio viaja hoy a Colombia, para participar en el Encuentro de Obispos de Am\u00e9rica Latina, y estar presente en la llegada del Papa Francisco a ese pa\u00eds.<\/p>\n<p>A pregunta expresa, dijo que, si se presentara la oportunidad de hacerlo, lo \u00fanico que le dir\u00eda al Santo Padre ser\u00eda pedirle una oraci\u00f3n por Monterrey.<\/p>\n<p>Invit\u00f3 a todos a orar por los 11 di\u00e1conos que recibir\u00e1n su ordenaci\u00f3n el s\u00e1bado 9 de septiembre a las 10:00 horas en la Bas\u00edlica del Roble. Ellos ser\u00e1n ordenados sacerdotes dentro de un a\u00f1o.<\/p>\n<p><strong>Por Roc\u00edo D\u00edaz<\/strong><\/p>\n","protected":false},"excerpt":{"rendered":"<p>Monterrey, N. L. (www.pastoralsiglo21.org) 3 de septiembre del 2017.- Entre los afectados del hurac\u00e1n Harvey hay muchos paisanos, familiares o conocidos que necesitan de la ayuda<span class=\"excerpt-hellip\"> [\u2026]<\/span><\/p>\n","protected":false},"author":3,"featured_media":2215,"comment_status":"open","ping_status":"open","sticky":false,"template":"","format":"standard","meta":[],"categories":[7,14],"tags":[],"_links":{"self":[{"href":"https:\/\/www.arquidiocesismty.org\/arquimty\/wp-json\/wp\/v2\/posts\/2214"}],"collection":[{"href":"https:\/\/www.arquidiocesismty.org\/arquimty\/wp-json\/wp\/v2\/posts"}],"about":[{"href":"https:\/\/www.arquidiocesismty.org\/arquimty\/wp-json\/wp\/v2\/types\/post"}],"author":[{"embeddable":true,"href":"https:\/\/www.arquidiocesismty.org\/arquimty\/wp-json\/wp\/v2\/users\/3"}],"replies":[{"embeddable":true,"href":"https:\/\/www.arquidiocesismty.org\/arquimty\/wp-json\/wp\/v2\/comments?post=2214"}],"version-history":[{"count":1,"href":"https:\/\/www.arquidiocesismty.org\/arquimty\/wp-json\/wp\/v2\/posts\/2214\/revisions"}],"predecessor-version":[{"id":2216,"href":"https:\/\/www.arquidiocesismty.org\/arquimty\/wp-json\/wp\/v2\/posts\/2214\/revisions\/2216"}],"wp:featuredmedia":[{"embeddable":true,"href":"https:\/\/www.arquidiocesismty.org\/arquimty\/wp-json\/wp\/v2\/media\/2215"}],"wp:attachment":[{"href":"https:\/\/www.arquidiocesismty.org\/arquimty\/wp-json\/wp\/v2\/media?parent=2214"}],"wp:term":[{"taxonomy":"category","embeddable":true,"href":"https:\/\/www.arquidiocesismty.org\/arquimty\/wp-json\/wp\/v2\/categories?post=2214"},{"taxonomy":"post_tag","embeddable":true,"href":"https:\/\/www.arquidiocesismty.org\/arquimty\/wp-json\/wp\/v2\/tags?post=2214"}],"curies":[{"name":"wp","href":"https:\/\/api.w.org\/{rel}","templated":true}]}}