{"id":2169,"date":"2017-09-01T13:18:12","date_gmt":"2017-09-01T18:18:12","guid":{"rendered":"https:\/\/www.arquidiocesismty.org\/arquimty\/?p=2169"},"modified":"2017-09-01T13:22:05","modified_gmt":"2017-09-01T18:22:05","slug":"ayuda-a-damnificados-por-huracan-harvey-2","status":"publish","type":"post","link":"https:\/\/www.arquidiocesismty.org\/arquimty\/ayuda-a-damnificados-por-huracan-harvey-2\/","title":{"rendered":"Ayuda a damnificados por hurac\u00e1n Harvey"},"content":{"rendered":"<p>A TODA LA IGLESIA QUE PEREGRINA EN MONTERREY \u00a1PAZ Y BIEN!<\/p>\n<p>\u201cMientras tengamos oportunidad, hagamos el bien a todos\u2026\u201d<br \/>\nGal 6, 10a<\/p>\n<p>El pueblo de Monterrey siempre se ha caracterizado por su generosidad, especialmente cuando se trata de ayudar a aquel que est\u00e1 pasando por momentos dif\u00edciles. Como es sabido de todos, varias ciudades de Texas, como Houston, Galveston, Corpus Christi, Rockport, est\u00e1n sufriendo los estragos ocasionados por el hurac\u00e1n Harvey. Entre la poblaci\u00f3n afectada se encuentran muchos paisanos, inclusive conocidos o familiares nuestros que han migrado al pa\u00eds del norte.<\/p>\n<p>Es por ello que he querido dirigirme a toda la Iglesia de Monterrey para solidarizarnos con estos hermanos nuestros, bajo la coordinaci\u00f3n de C\u00e1ritas Monterrey.<\/p>\n<p>As\u00ed, conforme al c. 1266, como Obispo diocesano mando que se haga una segunda colecta en favor de la Iglesia de Galveston-Houston en todas las iglesias y oratorios de nuestra Arquidi\u00f3cesis que est\u00e9n abiertos a los fieles, aunque pertenezcan a institutos religiosos o equiparables, en todas las misas de precepto del Domingo XXII de Ordinario, o sea del s\u00e1bado 2 y domingo 3 de septiembre del presente a\u00f1o.<\/p>\n<p>Esta se entregar\u00e1, por los medios ordinarios, cuanto antes a la Tesorer\u00eda de nuestra Curia Pastoral Arquidiocesana.<\/p>\n<p>Es importante, adem\u00e1s, hacer saber a los fieles que quien desee continuar ayudando en esta labor puede hacerlo a trav\u00e9s de las cuentas bancarias de C\u00e1ritas Monterrey, instituci\u00f3n que puede entregar recibos deducibles de impuestos:<\/p>\n<p>Titular: C\u00e1ritas Monterrey<br \/>\nBanco: Banorte<br \/>\nCuenta: 0000000050<br \/>\nCLABE Interbancaria: 072580000000000503<\/p>\n<p>O bien a la cuenta:<br \/>\nTitular: C\u00e1ritas Monterrey<br \/>\nBanco: Banregio<br \/>\nCuenta: 021000010011<br \/>\nCLABE Interbancaria: 058580210000100110<\/p>\n<p>El correo electr\u00f3nico para solicitar recibo deducible es caritasingresos@caritas.org.mx o bien a los tel\u00e9fonos 13 40 20 60 \/70<\/p>\n<p>Que Mar\u00eda de Guadalupe, Reina de M\u00e9xico y Emperatriz de Am\u00e9rica, recompense su generosidad y nos una como hermanos en un solo coraz\u00f3n y una sola alma.<\/p>\n<p>Dado en la sede del Arzobispado de Monterrey a los 31 d\u00edas del mes de agosto del a\u00f1o del Se\u00f1or 2017.<\/p>\n<p>Atentamente,<\/p>\n<p>+ Rogelio Cabrera L\u00f3pez<br \/>\nArzobispo de Monterrey<br \/>\nDoy fe Hna. Celia Alejandra Dur\u00e1n Vel\u00e1zquez<br \/>\nVicecanciller<\/p>\n","protected":false},"excerpt":{"rendered":"<p>A TODA LA IGLESIA QUE PEREGRINA EN MONTERREY \u00a1PAZ Y BIEN! \u201cMientras tengamos oportunidad, hagamos el bien a todos\u2026\u201d Gal 6, 10a El pueblo de Monterrey<span class=\"excerpt-hellip\"> [\u2026]<\/span><\/p>\n","protected":false},"author":5,"featured_media":2170,"comment_status":"open","ping_status":"open","sticky":false,"template":"","format":"standard","meta":[],"categories":[14],"tags":[],"_links":{"self":[{"href":"https:\/\/www.arquidiocesismty.org\/arquimty\/wp-json\/wp\/v2\/posts\/2169"}],"collection":[{"href":"https:\/\/www.arquidiocesismty.org\/arquimty\/wp-json\/wp\/v2\/posts"}],"about":[{"href":"https:\/\/www.arquidiocesismty.org\/arquimty\/wp-json\/wp\/v2\/types\/post"}],"author":[{"embeddable":true,"href":"https:\/\/www.arquidiocesismty.org\/arquimty\/wp-json\/wp\/v2\/users\/5"}],"replies":[{"embeddable":true,"href":"https:\/\/www.arquidiocesismty.org\/arquimty\/wp-json\/wp\/v2\/comments?post=2169"}],"version-history":[{"count":1,"href":"https:\/\/www.arquidiocesismty.org\/arquimty\/wp-json\/wp\/v2\/posts\/2169\/revisions"}],"predecessor-version":[{"id":2171,"href":"https:\/\/www.arquidiocesismty.org\/arquimty\/wp-json\/wp\/v2\/posts\/2169\/revisions\/2171"}],"wp:featuredmedia":[{"embeddable":true,"href":"https:\/\/www.arquidiocesismty.org\/arquimty\/wp-json\/wp\/v2\/media\/2170"}],"wp:attachment":[{"href":"https:\/\/www.arquidiocesismty.org\/arquimty\/wp-json\/wp\/v2\/media?parent=2169"}],"wp:term":[{"taxonomy":"category","embeddable":true,"href":"https:\/\/www.arquidiocesismty.org\/arquimty\/wp-json\/wp\/v2\/categories?post=2169"},{"taxonomy":"post_tag","embeddable":true,"href":"https:\/\/www.arquidiocesismty.org\/arquimty\/wp-json\/wp\/v2\/tags?post=2169"}],"curies":[{"name":"wp","href":"https:\/\/api.w.org\/{rel}","templated":true}]}}