{"id":2156,"date":"2017-08-30T14:51:29","date_gmt":"2017-08-30T19:51:29","guid":{"rendered":"https:\/\/www.arquidiocesismty.org\/arquimty\/?p=2156"},"modified":"2017-09-01T12:54:18","modified_gmt":"2017-09-01T17:54:18","slug":"celebremos-con-fe-y-compromiso-la-jornada-mundial-de-oracion-y-accion-por-el-cuidado-de-la-creacion","status":"publish","type":"post","link":"https:\/\/www.arquidiocesismty.org\/arquimty\/celebremos-con-fe-y-compromiso-la-jornada-mundial-de-oracion-y-accion-por-el-cuidado-de-la-creacion\/","title":{"rendered":"Celebremos con fe y compromiso  la (Jornada Mundial de Oraci\u00f3n y Acci\u00f3n) por el cuidado de la Creaci\u00f3n"},"content":{"rendered":"<p>Con motivo de la Jornada Mundial de Oraci\u00f3n por el cuidado de la Creaci\u00f3n 2017, el Santo Padre Francisco envi\u00f3 una carta a los cardenales Peter Kodwo Appiah y Kurt Koch, presidentes de \u201cPontificio Consejo Justicia y Paz\u201d y del \u201cPontificio Consejo para la Promoci\u00f3n de la Unidad de los Cristianos\u201d. Para instituir la &#8220;Jornada Mundial de Oraci\u00f3n por el Cuidado de la Creaci\u00f3n&#8221; en la Iglesia Cat\u00f3lica a partir de ese a\u00f1o, como sucede actualmente en la Iglesia ortodoxa, en sinton\u00eda con la enc\u00edclica papal &#8220;Laudato S\u00ed'&#8221;.<\/p>\n<p>En la cual, el papa invita a una espiritualidad ecol\u00f3gica para sustentar un deseo por el cuidado del planeta, que nos lleve a superar la crisis que se est\u00e1 viviendo actualmente en la humanidad .<\/p>\n<p>\u201cLa crisis ecol\u00f3gica es un llamado a una profunda conversi\u00f3n interior\u201d (217).<\/p>\n<p>\u201cEsta conversi\u00f3n supone diversas actitudes\u2026 En primer lugar implica gratitud y gratuidad\u2026 tambi\u00e9n la amorosa conciencia de no estar desconectados de las dem\u00e1s creaturas\u2026 asimismo, desarrollar la creatividad y el entusiasmo para resolver los dramas del mundo\u201d (220).<\/p>\n<p>\u201cLa espiritualidad cristiana propone un modo alternativo de entender la calidad de vida, y alienta un estilo de vida prof\u00e9tico y contemplativo, capaz de gozar profundamente sin obsesionarse por el consumo. Es importante incorporar una vieja ense\u00f1anza, presente en diversas tradiciones religiosas, y tambi\u00e9n en la Biblia. Se trata de la convicci\u00f3n de que \u2018menos es m\u00e1s\u2019. La constante acumulaci\u00f3n de posibilidades para consumir distrae el coraz\u00f3n e impide valorar cada cosa y cada momento\u201d (222).<\/p>\n<p>El Arzobispo de Monterrey, Mons. Rogelio Cabrera, exhorto que no dejemos a un lado el d\u00e9ficit que registra nuestro entorno y reconocer que la ciudad crece de manera desordenada; que aumentan los d\u00edas de exposici\u00f3n inconveniente a los contaminantes atmosf\u00e9ricos; asimismo, que avanza la tendencia a privatizar parques y \u00e1reas p\u00fablicas, y no existe una gesti\u00f3n transparente de los recursos h\u00eddricos.<\/p>\n<p>\u201cMi deseo como pastor de esta Iglesia particular de Monterrey, lejos de la visi\u00f3n catastr\u00f3fica ante la problem\u00e1tica, es que asumamos la Jornada del 1 de septiembre para tomar conciencia y coordinar acciones a favor de la preservaci\u00f3n y cuidado del sistema vida\u201d. Expres\u00f3 Mons. Rogelio Cabrera.<\/p>\n<p>Tambi\u00e9n invit\u00f3 a todos los fieles a poner en pr\u00e1ctica las palabras del papa Francisco, apostando por un estilo de vida no individualista ni consumista. Debido a la carencia de creatividad de los fieles laicos, religiosas y religiosos, y presb\u00edteros para \u201cromper la conciencia aislada y la autorreferencialidad\u201d (LS 208). Y entendamos que el medio ambiente solamente est\u00e1 al cuidado del ser humano y responde al mismo.<\/p>\n<p>\u201cCon grande esperanza en el desarrollo de la Jornada Mundial de Oraci\u00f3n por el Cuidado de la Creaci\u00f3n, invoquemos a Mar\u00eda, la Madre de Dios, y a San Francisco de As\u00eds, inspirador de la ecolog\u00eda integral, para que muevan, con su ejemplo e intercesi\u00f3n, a tantos hombres y mujeres\u201d. A\u00f1adi\u00f3.<\/p>\n","protected":false},"excerpt":{"rendered":"<p>Con motivo de la Jornada Mundial de Oraci\u00f3n por el cuidado de la Creaci\u00f3n 2017, el Santo Padre Francisco envi\u00f3 una carta a los cardenales Peter<span class=\"excerpt-hellip\"> [\u2026]<\/span><\/p>\n","protected":false},"author":2,"featured_media":2167,"comment_status":"open","ping_status":"open","sticky":false,"template":"","format":"standard","meta":[],"categories":[14],"tags":[],"_links":{"self":[{"href":"https:\/\/www.arquidiocesismty.org\/arquimty\/wp-json\/wp\/v2\/posts\/2156"}],"collection":[{"href":"https:\/\/www.arquidiocesismty.org\/arquimty\/wp-json\/wp\/v2\/posts"}],"about":[{"href":"https:\/\/www.arquidiocesismty.org\/arquimty\/wp-json\/wp\/v2\/types\/post"}],"author":[{"embeddable":true,"href":"https:\/\/www.arquidiocesismty.org\/arquimty\/wp-json\/wp\/v2\/users\/2"}],"replies":[{"embeddable":true,"href":"https:\/\/www.arquidiocesismty.org\/arquimty\/wp-json\/wp\/v2\/comments?post=2156"}],"version-history":[{"count":2,"href":"https:\/\/www.arquidiocesismty.org\/arquimty\/wp-json\/wp\/v2\/posts\/2156\/revisions"}],"predecessor-version":[{"id":2161,"href":"https:\/\/www.arquidiocesismty.org\/arquimty\/wp-json\/wp\/v2\/posts\/2156\/revisions\/2161"}],"wp:featuredmedia":[{"embeddable":true,"href":"https:\/\/www.arquidiocesismty.org\/arquimty\/wp-json\/wp\/v2\/media\/2167"}],"wp:attachment":[{"href":"https:\/\/www.arquidiocesismty.org\/arquimty\/wp-json\/wp\/v2\/media?parent=2156"}],"wp:term":[{"taxonomy":"category","embeddable":true,"href":"https:\/\/www.arquidiocesismty.org\/arquimty\/wp-json\/wp\/v2\/categories?post=2156"},{"taxonomy":"post_tag","embeddable":true,"href":"https:\/\/www.arquidiocesismty.org\/arquimty\/wp-json\/wp\/v2\/tags?post=2156"}],"curies":[{"name":"wp","href":"https:\/\/api.w.org\/{rel}","templated":true}]}}