{"id":2144,"date":"2017-08-29T18:59:33","date_gmt":"2017-08-29T23:59:33","guid":{"rendered":"https:\/\/www.arquidiocesismty.org\/arquimty\/?p=2144"},"modified":"2017-08-29T18:59:33","modified_gmt":"2017-08-29T23:59:33","slug":"inauguran-campus-apodaca-de-la-preparatoria-de-la-arquidiocesis-de-monterrey","status":"publish","type":"post","link":"https:\/\/www.arquidiocesismty.org\/arquimty\/inauguran-campus-apodaca-de-la-preparatoria-de-la-arquidiocesis-de-monterrey\/","title":{"rendered":"INAUGURAN CAMPUS APODACA DE LA PREPARATORIA DE LA ARQUIDI\u00d3CESIS DE MONTERREY"},"content":{"rendered":"<p><strong>Monterrey, N. L.<\/strong> (<a href=\"http:\/\/www.pastoralsiglo12.org\">www.pastoralsiglo12.org<\/a>) <strong>29 de agosto del 2017.-<\/strong> Para llevar a los j\u00f3venes que viven en zonas alejadas la oportunidad de cursar una preparatoria con humanismo cristiano y un modelo educativo sustentado en el itinerario espiritual, se inaugur\u00f3 el campus Apodaca de la Preparatoria de la Arquidi\u00f3cesis de Monterrey.<\/p>\n<p>El evento cont\u00f3 con la presencia de Mons. Juan Armando P\u00e9rez Talamantes, obispo auxiliar de Monterrey; el Pbro. Mart\u00edn Eduardo Mart\u00ednez Quiroga, director de la preparatoria; el Lic. \u00d3scar Alberto Cant\u00fa Garc\u00eda, alcalde de Apodaca; el Pbro. Juan Jos\u00e9 Mart\u00ednez Hinojosa, p\u00e1rroco de este campus y autoridades de la Secretar\u00eda de Educaci\u00f3n.<\/p>\n<p>Se realiz\u00f3 la ceremonia de inauguraci\u00f3n, posteriormente el corte de list\u00f3n, la bendici\u00f3n de las instalaciones, la develaci\u00f3n de la placa y finalmente la santa misa presidida por Mons. Juan Armando y concelebrada por seis sacerdotes.<\/p>\n<p>Durante la homil\u00eda, el obispo auxiliar dijo que en la preparatoria se formar\u00e1 una comunidad de aprendizaje en donde se buscar\u00e1 superar los desaf\u00edos<\/p>\n<p>\u201cEste campus debe ir creciendo no solo en alumnado, sino en el coraz\u00f3n y en nuestra entrega a la Iglesia y a Dios. Tenemos el desaf\u00edo de perfeccionar nuestro modelo educativo, que creemos que puede aportar grandes cosas a nuestra sociedad\u201d, expres\u00f3.<\/p>\n<p>\u201cInspirados en el humanismo cristiano, queremos ayudar a los j\u00f3venes a que se desarrollen como hombres y mujeres de bien, de verdad, fuertes, valientes, trabajadores, honestos, para que esta sociedad crezca y salga de los baches que los adultos hemos ca\u00eddo. Cuenten con el amor de Dios, por eso la Iglesia quiere promover maneras de acompa\u00f1ar, formar y educar para dar lugar a nuevas comunidades de vida\u201d, dijo.<\/p>\n<p>Por \u00faltimo, habl\u00f3 del amor de Mar\u00eda, a quien, en su advocaci\u00f3n de la Virgen de F\u00e1tima, se ha consagrado el plantel.<\/p>\n<p>Durante todo el evento y en varias ocasiones, se record\u00f3 a Raquel Elizondo de Flores, quien desde el cielo est\u00e1 viendo que, gracias a su dedicaci\u00f3n, muchos j\u00f3venes podr\u00e1n recibir educaci\u00f3n y desarrollar habilidades espirituales y acad\u00e9micas, y a quien se le reconoce por haber realizado un proyecto de catequesis en el terreno que ahora es la preparatoria.<\/p>\n<p>El Pbro. Mart\u00edn Eduardo Mart\u00ednez Quiroga, dijo que a los 40 alumnos inscritos se les ofrecer\u00e1 coaching de vida, como herramienta para ayudar a cumplir sus metas a corto y mediano plazo, adem\u00e1s de que les ayudar\u00e1 a ubicarse en todas las \u00e1reas de su vida.<\/p>\n<p>\u201cSomos una comunidad educativa que acompa\u00f1a al joven en su camino de vida, le proporciona herramientas para que pueda desarrollar sus habilidades y potencialidades; la revelaci\u00f3n que proviene de Dios le da sentido y raz\u00f3n de ser a cada uno de los j\u00f3venes, abrir la mente y el coraz\u00f3n ser\u00e1 necesario para que todo alumno pueda crecer en la verdad\u201d, dijo el sacerdote.<\/p>\n<p>\u201cNuestro modelo educativo est\u00e1 sustentado en el itinerario espiritual, que ilumina todas las \u00e1reas de formaci\u00f3n; es un camino en el que el joven es acompa\u00f1ado por Dios en cada uno de los semestres de la Preparatoria. La familia constituye un elemento esencial en nuestro proceso de crecimiento, son los padres de familia a quienes Dios les encomienda la formaci\u00f3n de sus hijos y juntos podemos trabajar para ayudar en el crecimiento integral\u201d, expres\u00f3.<\/p>\n<p>El mi\u00e9rcoles 30 de agosto ser\u00e1 el primer d\u00eda de clases de la nueva preparatoria. Se planea en un futuro abrir m\u00e1s campus en otros municipios.<\/p>\n<p><strong>Por Roc\u00edo D\u00edaz<\/strong><\/p>\n","protected":false},"excerpt":{"rendered":"<p>Monterrey, N. L. (www.pastoralsiglo12.org) 29 de agosto del 2017.- Para llevar a los j\u00f3venes que viven en zonas alejadas la oportunidad de cursar una preparatoria con<span class=\"excerpt-hellip\"> [\u2026]<\/span><\/p>\n","protected":false},"author":3,"featured_media":2145,"comment_status":"open","ping_status":"open","sticky":false,"template":"","format":"standard","meta":[],"categories":[7,14],"tags":[23],"_links":{"self":[{"href":"https:\/\/www.arquidiocesismty.org\/arquimty\/wp-json\/wp\/v2\/posts\/2144"}],"collection":[{"href":"https:\/\/www.arquidiocesismty.org\/arquimty\/wp-json\/wp\/v2\/posts"}],"about":[{"href":"https:\/\/www.arquidiocesismty.org\/arquimty\/wp-json\/wp\/v2\/types\/post"}],"author":[{"embeddable":true,"href":"https:\/\/www.arquidiocesismty.org\/arquimty\/wp-json\/wp\/v2\/users\/3"}],"replies":[{"embeddable":true,"href":"https:\/\/www.arquidiocesismty.org\/arquimty\/wp-json\/wp\/v2\/comments?post=2144"}],"version-history":[{"count":1,"href":"https:\/\/www.arquidiocesismty.org\/arquimty\/wp-json\/wp\/v2\/posts\/2144\/revisions"}],"predecessor-version":[{"id":2146,"href":"https:\/\/www.arquidiocesismty.org\/arquimty\/wp-json\/wp\/v2\/posts\/2144\/revisions\/2146"}],"wp:featuredmedia":[{"embeddable":true,"href":"https:\/\/www.arquidiocesismty.org\/arquimty\/wp-json\/wp\/v2\/media\/2145"}],"wp:attachment":[{"href":"https:\/\/www.arquidiocesismty.org\/arquimty\/wp-json\/wp\/v2\/media?parent=2144"}],"wp:term":[{"taxonomy":"category","embeddable":true,"href":"https:\/\/www.arquidiocesismty.org\/arquimty\/wp-json\/wp\/v2\/categories?post=2144"},{"taxonomy":"post_tag","embeddable":true,"href":"https:\/\/www.arquidiocesismty.org\/arquimty\/wp-json\/wp\/v2\/tags?post=2144"}],"curies":[{"name":"wp","href":"https:\/\/api.w.org\/{rel}","templated":true}]}}