{"id":2054,"date":"2017-08-21T11:29:22","date_gmt":"2017-08-21T16:29:22","guid":{"rendered":"https:\/\/www.arquidiocesismty.org\/arquimty\/?p=2054"},"modified":"2017-08-21T13:43:08","modified_gmt":"2017-08-21T18:43:08","slug":"curso-del-acontecimiento-guadalupano-2017","status":"publish","type":"post","link":"https:\/\/www.arquidiocesismty.org\/arquimty\/curso-del-acontecimiento-guadalupano-2017\/","title":{"rendered":"Curso del Acontecimiento Guadalupano 2017"},"content":{"rendered":"<div>\n<div dir=\"ltr\">\n<div class=\"gmail_default\">\n<div class=\"gmail_default\"><strong>\u00bfYa te enteraste?&#8230; \u00a0<\/strong>El CEFIG Monterrey, Centro de Estudios de Formaci\u00f3n Integral Guadalupana, les invita al Curso del Acontecimiento Guadalupano de Agosto a Diciembre 2017.<\/div>\n<div class=\"gmail_default\"><span style=\"color: #ffffff;\">.<\/span><\/div>\n<div class=\"gmail_default\">El cual se profundizar\u00e1 en la Imagen estampada en la tilma de San Juan Diego, su significado, estudios cient\u00edficos, entre muchas otras cosas.<\/div>\n<div class=\"gmail_default\"><span style=\"color: #ffffff;\">\u00a0.<\/span><\/div>\n<div class=\"gmail_default\">\n<div class=\"gmail_default\">El CEFIG es una instancia de la Arquidi\u00f3cesis de Monterrey, y depende del Instituto Superior de Estudios Guadalupanos (ISEG) de la Bas\u00edlica de Guadalupe de M\u00e9xico.<\/div>\n<\/div>\n<div class=\"gmail_default\"><span style=\"color: #ffffff;\">.<\/span><\/div>\n<div class=\"gmail_default\"><\/div>\n<div class=\"gmail_default\">\n<div style=\"width: 848px;\" class=\"wp-video\"><!--[if lt IE 9]><script>document.createElement('video');<\/script><![endif]-->\n<video class=\"wp-video-shortcode\" id=\"video-2054-1\" width=\"848\" height=\"480\" preload=\"metadata\" controls=\"controls\"><source type=\"video\/mp4\" src=\"https:\/\/arquidiocesismty.org\/arquimty\/wp-content\/uploads\/2017\/08\/Cefig.mp4?_=1\" \/><a href=\"https:\/\/arquidiocesismty.org\/arquimty\/wp-content\/uploads\/2017\/08\/Cefig.mp4\">https:\/\/arquidiocesismty.org\/arquimty\/wp-content\/uploads\/2017\/08\/Cefig.mp4<\/a><\/video><\/div>\n<\/div>\n<\/div>\n<div class=\"gmail_default\"><span style=\"color: #ffffff;\">\u00a0.<\/span><\/div>\n<div class=\"gmail_default\">Las Sedes en las que se impartir\u00e1 son: Parroquia San Juan Evangelista, Santa Mar\u00eda de Guadalupe (San Nicol\u00e1s), San Pablo Ap\u00f3stol, Cristo de la Monta\u00f1a, San Bernab\u00e9 Ap\u00f3stol y Santa Engracia.<\/div>\n<div class=\"gmail_default\"><\/div>\n<div class=\"gmail_default\">Para mayor informaci\u00f3n de los Cursos mandar correo a\u00a0<a href=\"mailto:curso.guadalupano@gmail.com\" target=\"_blank\" rel=\"noopener noreferrer\">curso.guadalupano@gmail.com<\/a><\/div>\n<div class=\"gmail_default\"><span style=\"color: #ffffff;\">.<\/span><\/div>\n<div class=\"gmail_default\"><span style=\"color: #ffffff;\">.<\/span><\/div>\n<div class=\"gmail_default\"><img decoding=\"async\" loading=\"lazy\" class=\"aligncenter wp-image-2055\" src=\"https:\/\/arquidiocesismty.org\/arquimty\/wp-content\/uploads\/2017\/08\/Poster-194x300.jpeg\" width=\"500\" height=\"773\" srcset=\"https:\/\/www.arquidiocesismty.org\/arquimty\/wp-content\/uploads\/2017\/08\/Poster-194x300.jpeg 194w, https:\/\/www.arquidiocesismty.org\/arquimty\/wp-content\/uploads\/2017\/08\/Poster-768x1187.jpeg 768w, https:\/\/www.arquidiocesismty.org\/arquimty\/wp-content\/uploads\/2017\/08\/Poster-662x1024.jpeg 662w, https:\/\/www.arquidiocesismty.org\/arquimty\/wp-content\/uploads\/2017\/08\/Poster-94x146.jpeg 94w, https:\/\/www.arquidiocesismty.org\/arquimty\/wp-content\/uploads\/2017\/08\/Poster-32x50.jpeg 32w, https:\/\/www.arquidiocesismty.org\/arquimty\/wp-content\/uploads\/2017\/08\/Poster-49x75.jpeg 49w, https:\/\/www.arquidiocesismty.org\/arquimty\/wp-content\/uploads\/2017\/08\/Poster.jpeg 828w\" sizes=\"(max-width: 500px) 100vw, 500px\" \/><\/div>\n<\/div>\n<div class=\"gmail_default\"><img decoding=\"async\" loading=\"lazy\" class=\"aligncenter wp-image-2062\" src=\"https:\/\/arquidiocesismty.org\/arquimty\/wp-content\/uploads\/2017\/08\/Poster-1-194x300.jpeg\" width=\"600\" height=\"928\" \/><\/div>\n<\/div>\n<div dir=\"ltr\"><\/div>\n","protected":false},"excerpt":{"rendered":"<p>\u00bfYa te enteraste?&#8230; \u00a0El CEFIG Monterrey, Centro de Estudios de Formaci\u00f3n Integral Guadalupana, les invita al Curso del Acontecimiento Guadalupano de Agosto a Diciembre 2017. .<span class=\"excerpt-hellip\"> [\u2026]<\/span><\/p>\n","protected":false},"author":2,"featured_media":2067,"comment_status":"open","ping_status":"open","sticky":false,"template":"","format":"standard","meta":[],"categories":[14],"tags":[],"_links":{"self":[{"href":"https:\/\/www.arquidiocesismty.org\/arquimty\/wp-json\/wp\/v2\/posts\/2054"}],"collection":[{"href":"https:\/\/www.arquidiocesismty.org\/arquimty\/wp-json\/wp\/v2\/posts"}],"about":[{"href":"https:\/\/www.arquidiocesismty.org\/arquimty\/wp-json\/wp\/v2\/types\/post"}],"author":[{"embeddable":true,"href":"https:\/\/www.arquidiocesismty.org\/arquimty\/wp-json\/wp\/v2\/users\/2"}],"replies":[{"embeddable":true,"href":"https:\/\/www.arquidiocesismty.org\/arquimty\/wp-json\/wp\/v2\/comments?post=2054"}],"version-history":[{"count":17,"href":"https:\/\/www.arquidiocesismty.org\/arquimty\/wp-json\/wp\/v2\/posts\/2054\/revisions"}],"predecessor-version":[{"id":2084,"href":"https:\/\/www.arquidiocesismty.org\/arquimty\/wp-json\/wp\/v2\/posts\/2054\/revisions\/2084"}],"wp:featuredmedia":[{"embeddable":true,"href":"https:\/\/www.arquidiocesismty.org\/arquimty\/wp-json\/wp\/v2\/media\/2067"}],"wp:attachment":[{"href":"https:\/\/www.arquidiocesismty.org\/arquimty\/wp-json\/wp\/v2\/media?parent=2054"}],"wp:term":[{"taxonomy":"category","embeddable":true,"href":"https:\/\/www.arquidiocesismty.org\/arquimty\/wp-json\/wp\/v2\/categories?post=2054"},{"taxonomy":"post_tag","embeddable":true,"href":"https:\/\/www.arquidiocesismty.org\/arquimty\/wp-json\/wp\/v2\/tags?post=2054"}],"curies":[{"name":"wp","href":"https:\/\/api.w.org\/{rel}","templated":true}]}}