{"id":2051,"date":"2017-08-20T20:37:31","date_gmt":"2017-08-21T01:37:31","guid":{"rendered":"https:\/\/www.arquidiocesismty.org\/arquimty\/?p=2051"},"modified":"2017-08-20T20:37:31","modified_gmt":"2017-08-21T01:37:31","slug":"pide-arzobispo-por-victimas-de-atentados","status":"publish","type":"post","link":"https:\/\/www.arquidiocesismty.org\/arquimty\/pide-arzobispo-por-victimas-de-atentados\/","title":{"rendered":"PIDE ARZOBISPO POR V\u00cdCTIMAS DE ATENTADOS"},"content":{"rendered":"<p><strong>Monterrey, N. L.<\/strong> (<a href=\"http:\/\/www.pastoralsiglo21.org\">www.pastoralsiglo21.org<\/a>) <strong>20 de agosto del 2017.-<\/strong> En respuesta a los atentados contra inocentes que se han llevado a cabo en diferentes lugares del mundo estos d\u00edas, Mons. Rogelio Cabrera L\u00f3pez, Arzobispo de Monterrey, hizo un llamado a los padres de familia y maestros para no permitir que los ni\u00f1os se contaminen de este terrible mal.<\/p>\n<p>\u201cHay que mostrarles el camino de una vida nueva, que siempre ser\u00e1 posible en la medida que los adultos nos comprometamos a ser portadores de paz en nuestras acciones cotidianas y que no nos dejemos envolver por el estr\u00e9s y el conflicto citadino que tanto da\u00f1o hacen en la b\u00fasqueda de una vida en armon\u00eda\u201d, dijo.<\/p>\n<p>Fue en la rueda de prensa dominical donde dijo que es triste que muchos inocentes sigan siendo v\u00edctimas de personas que se dejan llevar por fundamentalismos insanos.<\/p>\n<p>\u201cHemos elevado nuestras oraciones por los hermanos de Barcelona y Cambrils, en Espa\u00f1a, as\u00ed como las v\u00edctimas en Turku, Finlandia, pidiendo a Dios por la pronta recuperaci\u00f3n de los lesionados y el eterno descanso de quienes han fallecido, as\u00ed como por la r\u00e1pida normalizaci\u00f3n de las actividades en estas ciudades\u201d, expres\u00f3.<\/p>\n<p>Estos acontecimientos, a\u00f1adi\u00f3, son un llamado para volver la mirada a Dios y a los hermanos, como ha dicho el Papa Francisco, para evitar ver en el pr\u00f3jimo un enemigo, sino conciliar las voluntades y necesidades.<\/p>\n<p>Mons. Rogelio envi\u00f3 una bendici\u00f3n a todos los ni\u00f1os y ni\u00f1as que inician un nuevo ciclo escolar, as\u00ed como al personal docente y administrativo de todas las escuelas, y pidi\u00f3 a Dios para que les llene de sabidur\u00eda para saber educar a quienes son la esperanza para vivir en una sociedad m\u00e1s justa y fraterna.<\/p>\n<p><strong>Por Roc\u00edo D\u00edaz<\/strong><\/p>\n","protected":false},"excerpt":{"rendered":"<p>Monterrey, N. L. (www.pastoralsiglo21.org) 20 de agosto del 2017.- En respuesta a los atentados contra inocentes que se han llevado a cabo en diferentes lugares del<span class=\"excerpt-hellip\"> [\u2026]<\/span><\/p>\n","protected":false},"author":3,"featured_media":2052,"comment_status":"open","ping_status":"open","sticky":false,"template":"","format":"standard","meta":[],"categories":[14],"tags":[23],"_links":{"self":[{"href":"https:\/\/www.arquidiocesismty.org\/arquimty\/wp-json\/wp\/v2\/posts\/2051"}],"collection":[{"href":"https:\/\/www.arquidiocesismty.org\/arquimty\/wp-json\/wp\/v2\/posts"}],"about":[{"href":"https:\/\/www.arquidiocesismty.org\/arquimty\/wp-json\/wp\/v2\/types\/post"}],"author":[{"embeddable":true,"href":"https:\/\/www.arquidiocesismty.org\/arquimty\/wp-json\/wp\/v2\/users\/3"}],"replies":[{"embeddable":true,"href":"https:\/\/www.arquidiocesismty.org\/arquimty\/wp-json\/wp\/v2\/comments?post=2051"}],"version-history":[{"count":1,"href":"https:\/\/www.arquidiocesismty.org\/arquimty\/wp-json\/wp\/v2\/posts\/2051\/revisions"}],"predecessor-version":[{"id":2053,"href":"https:\/\/www.arquidiocesismty.org\/arquimty\/wp-json\/wp\/v2\/posts\/2051\/revisions\/2053"}],"wp:featuredmedia":[{"embeddable":true,"href":"https:\/\/www.arquidiocesismty.org\/arquimty\/wp-json\/wp\/v2\/media\/2052"}],"wp:attachment":[{"href":"https:\/\/www.arquidiocesismty.org\/arquimty\/wp-json\/wp\/v2\/media?parent=2051"}],"wp:term":[{"taxonomy":"category","embeddable":true,"href":"https:\/\/www.arquidiocesismty.org\/arquimty\/wp-json\/wp\/v2\/categories?post=2051"},{"taxonomy":"post_tag","embeddable":true,"href":"https:\/\/www.arquidiocesismty.org\/arquimty\/wp-json\/wp\/v2\/tags?post=2051"}],"curies":[{"name":"wp","href":"https:\/\/api.w.org\/{rel}","templated":true}]}}