{"id":1997,"date":"2017-08-15T23:30:24","date_gmt":"2017-08-16T04:30:24","guid":{"rendered":"https:\/\/www.arquidiocesismty.org\/arquimty\/?p=1997"},"modified":"2017-08-15T23:30:24","modified_gmt":"2017-08-16T04:30:24","slug":"pide-arzobispo-a-nuevos-padres-el-camino-de-la-humildad-y-el-martirio","status":"publish","type":"post","link":"https:\/\/www.arquidiocesismty.org\/arquimty\/pide-arzobispo-a-nuevos-padres-el-camino-de-la-humildad-y-el-martirio\/","title":{"rendered":"PIDE ARZOBISPO A NUEVOS PADRES EL CAMINO DE LA HUMILDAD Y EL MARTIRIO"},"content":{"rendered":"<p><strong>Monterrey, N. L.<\/strong> (<a href=\"http:\/\/www.pastoralsiglo21.org\">www.pastoralsiglo21.org<\/a>) <strong>15 de agosto del 2017.-<\/strong> Durante la homil\u00eda de la misa de ordenaciones sacerdotales hoy en la Bas\u00edlica de Guadalupe, Mons. Rogelio Cabrera L\u00f3pez, Arzobispo de Monterrey, pidi\u00f3 a los nuevos sacerdotes que sean humildes, pues la humillaci\u00f3n, que es derrota para el mundo, es triunfo para el cristiano.<\/p>\n<p>Al empezar, Mons. Rogelio nombr\u00f3 a cada uno de los neosacerdotes y les dijo que hoy se les iba a compartir la gracia del Esp\u00edritu Santo, \u201cporque en la Iglesia hay una tradici\u00f3n en la que nosotros entregamos lo que hemos recibido, que es el Esp\u00edritu Santo, para compartir con el pueblo la m\u00faltiple gracia de Dios, y qu\u00e9 mejor que hacerlo en la Fiesta de la Asunci\u00f3n de Mar\u00eda, que se hace presente en la vocaci\u00f3n y la misi\u00f3n de la iglesia\u201d.<\/p>\n<p>Mar\u00eda es llevada al cielo, esa es la misi\u00f3n sacerdotal, agreg\u00f3, llevar al pueblo de Dios al cielo por gracia de Dios.<\/p>\n<p>\u201cToda la misi\u00f3n de la Iglesia tiene ese objetivo: llevar a los hombres y mujeres al cielo. En el Apocalipsis, podemos ver la hermosa visi\u00f3n que tuvo Juan: el combate de la fe. Dice que se abri\u00f3 el templo de Dios en el cielo y vio el Arca de la Alianza y el ap\u00f3stol contempla el combate de la mujer y el drag\u00f3n, la Iglesia y el mundo.<\/p>\n<p>\u201cEl combate es posible gracias a Dios, en el centro est\u00e1 la Tor\u00e1, la Palabra, que marca la vida del pueblo y de la Iglesia. Tenemos la seguridad de la victoria. Parece que la Iglesia pierde. Seg\u00fan el mundo, el martirio es una p\u00e9rdida, pero seg\u00fan Dios es una victoria\u201d.<\/p>\n<p>El crucificado, quien parece haber perdido la batalla, es quien con su resurrecci\u00f3n ha vencido y con \u00c9l se alegra el cielo y la tierra, dijo. La Iglesia tiene que aprender que la victoria es el camino de la humillaci\u00f3n y del martirio. El camino de la misi\u00f3n, del combate, es la humildad y la humillaci\u00f3n.<\/p>\n<p>El Se\u00f1or quiere sacerdotes humildes que puedan mirar al otro como superior a ellos mismos, expres\u00f3. Este camino de la humildad, del martirio, es el camino de la evangelizaci\u00f3n.<\/p>\n<p>\u201cLos quiere Dios entregando su vida en las manos de la Iglesia, pues solo cuando hay humildad se puede obedecer la voluntad de Dios y de la Iglesia. La \u00fanica manera de que la Iglesia venza al drag\u00f3n es anunciar su Palabra. Predicar en la asamblea la Palabra del Se\u00f1or porque el pueblo de Dios cree en base a o\u00edr la predicaci\u00f3n\u201d.<\/p>\n<p>\u201cCompartir\u00e1n la gracia de los sacramentos, y de forma especial la Eucarist\u00eda, que es la que m\u00e1s nos identifica con Cristo. Cada vez que la celebren lo tendr\u00e1n todo: el banquete, el sacrificio de Dios, la presencia de Cristo\u201d.<\/p>\n<p>Les asign\u00f3 una tarea muy importante: cuidar a los m\u00e1s pobres, acogerlos, a los m\u00e1s necesitados, a los \u00faltimos, a los despreciados, a los que no embonan con la moral de la Iglesia.<\/p>\n<p>\u201cA ellos hay que atender, querer y respetar\u201d, dijo.<\/p>\n<p>El bien tiene la \u00faltima palabra, Cristo la tiene y hay que estar confiados en \u00c9l. Es un combate, es una guerra, pero nosotros no peleamos contra la gente, sino contra el maligno, y eso no se puede ver sin la gracia de Dios y la intervenci\u00f3n de la Virgen Mar\u00eda.<\/p>\n<p>Finalmente les dijo: \u201cTodos vamos a pedir por ustedes para que puedan pedir por nosotros\u201d.<\/p>\n<p><strong>Por Roc\u00edo D\u00edaz<\/strong><\/p>\n","protected":false},"excerpt":{"rendered":"<p>Monterrey, N. L. (www.pastoralsiglo21.org) 15 de agosto del 2017.- Durante la homil\u00eda de la misa de ordenaciones sacerdotales hoy en la Bas\u00edlica de Guadalupe, Mons. Rogelio<span class=\"excerpt-hellip\"> [\u2026]<\/span><\/p>\n","protected":false},"author":3,"featured_media":1998,"comment_status":"open","ping_status":"open","sticky":false,"template":"","format":"standard","meta":[],"categories":[14],"tags":[23],"_links":{"self":[{"href":"https:\/\/www.arquidiocesismty.org\/arquimty\/wp-json\/wp\/v2\/posts\/1997"}],"collection":[{"href":"https:\/\/www.arquidiocesismty.org\/arquimty\/wp-json\/wp\/v2\/posts"}],"about":[{"href":"https:\/\/www.arquidiocesismty.org\/arquimty\/wp-json\/wp\/v2\/types\/post"}],"author":[{"embeddable":true,"href":"https:\/\/www.arquidiocesismty.org\/arquimty\/wp-json\/wp\/v2\/users\/3"}],"replies":[{"embeddable":true,"href":"https:\/\/www.arquidiocesismty.org\/arquimty\/wp-json\/wp\/v2\/comments?post=1997"}],"version-history":[{"count":2,"href":"https:\/\/www.arquidiocesismty.org\/arquimty\/wp-json\/wp\/v2\/posts\/1997\/revisions"}],"predecessor-version":[{"id":7698,"href":"https:\/\/www.arquidiocesismty.org\/arquimty\/wp-json\/wp\/v2\/posts\/1997\/revisions\/7698"}],"wp:featuredmedia":[{"embeddable":true,"href":"https:\/\/www.arquidiocesismty.org\/arquimty\/wp-json\/wp\/v2\/media\/1998"}],"wp:attachment":[{"href":"https:\/\/www.arquidiocesismty.org\/arquimty\/wp-json\/wp\/v2\/media?parent=1997"}],"wp:term":[{"taxonomy":"category","embeddable":true,"href":"https:\/\/www.arquidiocesismty.org\/arquimty\/wp-json\/wp\/v2\/categories?post=1997"},{"taxonomy":"post_tag","embeddable":true,"href":"https:\/\/www.arquidiocesismty.org\/arquimty\/wp-json\/wp\/v2\/tags?post=1997"}],"curies":[{"name":"wp","href":"https:\/\/api.w.org\/{rel}","templated":true}]}}