{"id":1993,"date":"2017-08-15T22:48:22","date_gmt":"2017-08-16T03:48:22","guid":{"rendered":"https:\/\/www.arquidiocesismty.org\/arquimty\/?p=1993"},"modified":"2017-08-16T01:35:30","modified_gmt":"2017-08-16T06:35:30","slug":"iglesia-de-monterrey-recibe-a-siete-nuevos-sacerdotes","status":"publish","type":"post","link":"https:\/\/www.arquidiocesismty.org\/arquimty\/iglesia-de-monterrey-recibe-a-siete-nuevos-sacerdotes\/","title":{"rendered":"IGLESIA DE MONTERREY RECIBE A SIETE NUEVOS SACERDOTES"},"content":{"rendered":"<p><strong>Monterrey, N. L.<\/strong> (<a href=\"http:\/\/www.pastoralsiglo21.org\/\">www.pastoralsiglo21.org<\/a>) <strong>15 de agosto del 2017.-<\/strong> La cita para las ordenaciones de agosto se cumpli\u00f3 esta tarde en la Bas\u00edlica de Guadalupe, en donde fueron ordenados siete nuevos sacerdotes para la Iglesia de Monterrey.<\/p>\n<p>La misa de ordenaciones fue presidida por Mons. Rogelio Cabrera L\u00f3pez, Arzobispo de Monterrey, y concelebrada por cinco obispos y varios sacerdotes.<\/p>\n<p>Los nuevos sacerdotes son: \u00c9dgar Eduardo Alvarado Gonz\u00e1lez, Adri\u00e1n Marcelo Hal\u00fan Cavazos, Carlos Nicol\u00e1s G\u00f3mez Mu\u00f1iz, Reynaldo L\u00e1zaro Arriaga, Pedro Mora Oviedo, Roberto Van Troi Ram\u00edrez Garza y \u00c1ngel Josu\u00e9 Loredo Garc\u00eda.<\/p>\n<p>En la fiesta de la Asunci\u00f3n de la Virgen Mar\u00eda, las lecturas se centraron en la figura de la Madre de Dios, y posteriormente se les pidi\u00f3 a los neosacerdotes que se acercaran al altar de espaldas al pueblo de Dios. Se pas\u00f3 lista y el rector del Seminario solicit\u00f3 al Arzobispo, a nombre de la Iglesia la ordenaci\u00f3n de los hermanos asegurando haberlos encontrado dignos de recibir el segundo grado del orden sacerdotal.<\/p>\n<p>Luego de la homil\u00eda, prometieron obediencia y respeto a su obispo y a sus sucesores.<\/p>\n<p>Mons. Rogelio les dijo a cada uno la f\u00f3rmula: \u201cQue Dios mismo lleve a t\u00e9rmino esta obra buena que en ti ha comenzado\u201d.<\/p>\n<p>Siguieron las letan\u00edas de los santos, las imposiciones de manos de parte del Sr. Arzobispo y de todos los sacerdotes presentes. Se revistieron con la estola signo de la gracia sacerdotal y de la casulla, signo de que el sacerdote se hace uno con la Iglesia. Revestidos, fueron aplaudidos por el pueblo de Dios y procedieron a felicitarse mediante un abrazo.<\/p>\n<p>Despu\u00e9s fueron ungidos en las manos con el Santo Crisma, para que sus manos sean extensi\u00f3n de las mismas manos de Cristo. Recibieron la patena con las hostias y el c\u00e1liz, ofrenda del pueblo para presentarla a Dios.<\/p>\n<p>\u201cAdviertan bien lo que van a realizar, imiten lo que tendr\u00e1n en sus manos y configuren toda su vida con el misterio de la cruz del Se\u00f1or\u201d, les dijo Mons. Rogelio y posteriormente los acogi\u00f3 como miembros de su ministerio, abraz\u00f3 a cada uno y les bes\u00f3 las manos.<\/p>\n<p>Para terminar, el padre Reynaldo L\u00e1zaro Arriaga dio las palabras de agradecimiento.<\/p>\n<p>\u201cGracias a Dios por poner su mirada en nosotros, por salir a nuestro encuentro, gracias a la Virgen, a las familias, a los compa\u00f1eros del Seminario, al presbiterio de Monterrey, al equipo formador del Seminario y a nuestro Arzobispo\u201d, dijo.<\/p>\n<p>\u201cComparto con alegr\u00eda que el momento en el que voltee a ver al pueblo de Dios pude ver ese amor y cari\u00f1o que tienen a Dios y que quieren ver a Cristo en nosotros y as\u00ed tambi\u00e9n queremos encontrar a Cristo en ustedes, gracias a las comunidades de origen de cada uno y que Dios sea su mayor recompensa\u201d.<\/p>\n<p>Mons. Heriberto Cavazos, obispo auxiliar de Monterrey, les dirigi\u00f3 unas palabras a los nuevos sacerdotes, llam\u00e1ndolos por su nombre:<\/p>\n<p>\u201cGracias por permitirnos disfrutar este signo de la presencia de nuestro Padre. El presbiterio los recibe como pastores misericordiosos, humildes, alegres y de buen humor con el auxilio del Esp\u00edritu Santo, de Nuestra Madre y el apoyo de la comunidad, sean bienvenidos. Si\u00e9ntanse en familia, pero como en toda familia, tambi\u00e9n hay problemas. Cuentan con nosotros, Dios los bendiga\u201d.<\/p>\n<p>Al final de la misa, los padres de cada nuevo sacerdote recibieron una cruz dise\u00f1ada por Efr\u00e9n Ordo\u00f1ez.<\/p>\n<p><strong>Por Roc\u00edo D\u00edaz<\/strong><\/p>\n","protected":false},"excerpt":{"rendered":"<p>Monterrey, N. L. (www.pastoralsiglo21.org) 15 de agosto del 2017.- La cita para las ordenaciones de agosto se cumpli\u00f3 esta tarde en la Bas\u00edlica de Guadalupe, en<span class=\"excerpt-hellip\"> [\u2026]<\/span><\/p>\n","protected":false},"author":3,"featured_media":1994,"comment_status":"open","ping_status":"open","sticky":false,"template":"","format":"standard","meta":[],"categories":[14],"tags":[23],"_links":{"self":[{"href":"https:\/\/www.arquidiocesismty.org\/arquimty\/wp-json\/wp\/v2\/posts\/1993"}],"collection":[{"href":"https:\/\/www.arquidiocesismty.org\/arquimty\/wp-json\/wp\/v2\/posts"}],"about":[{"href":"https:\/\/www.arquidiocesismty.org\/arquimty\/wp-json\/wp\/v2\/types\/post"}],"author":[{"embeddable":true,"href":"https:\/\/www.arquidiocesismty.org\/arquimty\/wp-json\/wp\/v2\/users\/3"}],"replies":[{"embeddable":true,"href":"https:\/\/www.arquidiocesismty.org\/arquimty\/wp-json\/wp\/v2\/comments?post=1993"}],"version-history":[{"count":3,"href":"https:\/\/www.arquidiocesismty.org\/arquimty\/wp-json\/wp\/v2\/posts\/1993\/revisions"}],"predecessor-version":[{"id":2001,"href":"https:\/\/www.arquidiocesismty.org\/arquimty\/wp-json\/wp\/v2\/posts\/1993\/revisions\/2001"}],"wp:featuredmedia":[{"embeddable":true,"href":"https:\/\/www.arquidiocesismty.org\/arquimty\/wp-json\/wp\/v2\/media\/1994"}],"wp:attachment":[{"href":"https:\/\/www.arquidiocesismty.org\/arquimty\/wp-json\/wp\/v2\/media?parent=1993"}],"wp:term":[{"taxonomy":"category","embeddable":true,"href":"https:\/\/www.arquidiocesismty.org\/arquimty\/wp-json\/wp\/v2\/categories?post=1993"},{"taxonomy":"post_tag","embeddable":true,"href":"https:\/\/www.arquidiocesismty.org\/arquimty\/wp-json\/wp\/v2\/tags?post=1993"}],"curies":[{"name":"wp","href":"https:\/\/api.w.org\/{rel}","templated":true}]}}