{"id":1891,"date":"2017-08-07T13:03:32","date_gmt":"2017-08-07T18:03:32","guid":{"rendered":"https:\/\/www.arquidiocesismty.org\/arquimty\/?p=1891"},"modified":"2017-08-07T13:48:10","modified_gmt":"2017-08-07T18:48:10","slug":"al-rededor-de-8-mil-personas-viven-concierto-de-adoracion-y-alabanza-de-cielo-abierto-en-monterrey","status":"publish","type":"post","link":"https:\/\/www.arquidiocesismty.org\/arquimty\/al-rededor-de-8-mil-personas-viven-concierto-de-adoracion-y-alabanza-de-cielo-abierto-en-monterrey\/","title":{"rendered":"Al rededor de 8 mil personas viven concierto de adoraci\u00f3n y alabanza de Cielo Abierto en Monterrey"},"content":{"rendered":"<p><strong>&#8220;Gracias a ti, nuestra capacidad de silencio y de adoraci\u00f3n se convertir\u00e1 en capacidad de AMAR y de SERVIR&#8221;. San Juan Pablo II<\/strong><\/p>\n<p><strong>Monterrey N.L.-<\/strong> Durante el concierto Cielo Abierto se vivi\u00f3 una de las adoraciones m\u00e1s grandes y especiales, dentro del Auditorio CitiBanamex. Organizado por Pastoral Juvenil, dependencia de la Arquidiocesis de Monterrey. Quienes, con su apoyo\u00a0hicieron posible un espect\u00e1culo lleno de luces, con tecnolog\u00eda de \u00faltima generaci\u00f3n donde amenizaron los cantantes- adoradores: Celines Diaz, Lizzette Sanchez, Beto C\u00ddado, Luis Alfredo D\u00edaz y el grupo Emmanuel.<\/p>\n<p>Alrededor de 8 mil personas se dieron cita este fin de semana para vivir un encuentro personal, lleno de amor y alabanzas con Jes\u00fas Eucarist\u00eda.<\/p>\n<p>Mons. Rogelio Cabrera L\u00f3pez, Arzobispo de Monterrey, bendijo a los asistentes minutos antes de iniciar el concierto de adoraci\u00f3n, invit\u00e1ndonos a orar y a rezar por todos los que conformamos la Iglesia cat\u00f3lica.<\/p>\n<p>\u201cNo es una asamblea de espectadores, sino una asamblea de adoradores del Se\u00f1or, aqu\u00ed tendremos la presencia incomparable, el milagro m\u00e1s grande de la humanidad, la presencia de Cristo en la hostia consagrada. Para llegar a experimentar su presencia, para sentir su cercan\u00eda, para poder ir m\u00e1s all\u00e1 de lo que vemos, se necesita pedir la fe&#8221;.<\/p>\n<p>\u201cDios actuara en ustedes, Dios renovara los mejores sentimientos en cada uno de ustedes, oramos por nuestras necesidades pero tambi\u00e9n, esta asamblea va a rezar por el mundo, por nuestra ciudad y por nuestra Iglesia de Monterrey. Anhelamos paz y tranquilidad, que reine siempre el amor de Dios, pero tenemos que creer en el poder de la oraci\u00f3n, porque quien cree en el poder de la oraci\u00f3n cree en el poder de Dios&#8221;.<\/p>\n<p>\u201cDisfruten este encuentro con el Se\u00f1or y no dejen de pedir por Monterrey, por toda la Iglesia cat\u00f3lica, por la Arquidi\u00f3cesis de Monterrey y por cada uno de los hijos de Dios. Pidan por todos los que pertenecemos a la iglesia cat\u00f3lica, para que demos se\u00f1ales de la presencia de Dios. Y no dejen de pedir por un servidor&#8221;.<\/p>\n<p>Se ten\u00eda estipulado concluir el cierre del concierto a las 7 de la noche, pero los cantantes- adoradores no dejaron de alabar, aun despu\u00e9s de la hora establecida. Animando a la multitud a no solamente a cantar, sino a adorar a Jes\u00fas con entusiasmo y coraz\u00f3n.<\/p>\n","protected":false},"excerpt":{"rendered":"<p>&#8220;Gracias a ti, nuestra capacidad de silencio y de adoraci\u00f3n se convertir\u00e1 en capacidad de AMAR y de SERVIR&#8221;. San Juan Pablo II Monterrey N.L.- Durante<span class=\"excerpt-hellip\"> [\u2026]<\/span><\/p>\n","protected":false},"author":2,"featured_media":1893,"comment_status":"open","ping_status":"open","sticky":false,"template":"","format":"standard","meta":[],"categories":[14],"tags":[],"_links":{"self":[{"href":"https:\/\/www.arquidiocesismty.org\/arquimty\/wp-json\/wp\/v2\/posts\/1891"}],"collection":[{"href":"https:\/\/www.arquidiocesismty.org\/arquimty\/wp-json\/wp\/v2\/posts"}],"about":[{"href":"https:\/\/www.arquidiocesismty.org\/arquimty\/wp-json\/wp\/v2\/types\/post"}],"author":[{"embeddable":true,"href":"https:\/\/www.arquidiocesismty.org\/arquimty\/wp-json\/wp\/v2\/users\/2"}],"replies":[{"embeddable":true,"href":"https:\/\/www.arquidiocesismty.org\/arquimty\/wp-json\/wp\/v2\/comments?post=1891"}],"version-history":[{"count":6,"href":"https:\/\/www.arquidiocesismty.org\/arquimty\/wp-json\/wp\/v2\/posts\/1891\/revisions"}],"predecessor-version":[{"id":1899,"href":"https:\/\/www.arquidiocesismty.org\/arquimty\/wp-json\/wp\/v2\/posts\/1891\/revisions\/1899"}],"wp:featuredmedia":[{"embeddable":true,"href":"https:\/\/www.arquidiocesismty.org\/arquimty\/wp-json\/wp\/v2\/media\/1893"}],"wp:attachment":[{"href":"https:\/\/www.arquidiocesismty.org\/arquimty\/wp-json\/wp\/v2\/media?parent=1891"}],"wp:term":[{"taxonomy":"category","embeddable":true,"href":"https:\/\/www.arquidiocesismty.org\/arquimty\/wp-json\/wp\/v2\/categories?post=1891"},{"taxonomy":"post_tag","embeddable":true,"href":"https:\/\/www.arquidiocesismty.org\/arquimty\/wp-json\/wp\/v2\/tags?post=1891"}],"curies":[{"name":"wp","href":"https:\/\/api.w.org\/{rel}","templated":true}]}}