{"id":18497,"date":"2026-09-04T17:20:32","date_gmt":"2026-09-04T23:20:32","guid":{"rendered":"https:\/\/www.arquidiocesismty.org\/arquimty\/?p=18497"},"modified":"2026-09-04T17:20:32","modified_gmt":"2026-09-04T23:20:32","slug":"mons-gustavo-rodriguez-vega-celebrara-25-anos-de-ministerio-episcopal-en-monterrey","status":"publish","type":"post","link":"https:\/\/www.arquidiocesismty.org\/arquimty\/mons-gustavo-rodriguez-vega-celebrara-25-anos-de-ministerio-episcopal-en-monterrey\/","title":{"rendered":"MONS. GUSTAVO RODR\u00cdGUEZ VEGA CELEBRAR\u00c1 25 A\u00d1OS DE MINISTERIO EPISCOPAL EN MONTERREY"},"content":{"rendered":"<p>La Arquidi\u00f3cesis de Monterrey se prepara para celebrar los 25 a\u00f1os de aniversario episcopal de Mons. Gustavo Rodr\u00edguez Vega, actual Arzobispo de Yucat\u00e1n y miembro del clero regiomontano, quien regresar\u00e1 a la ciudad que lo vio nacer y donde desarroll\u00f3 buena parte de sus primeros a\u00f1os de formaci\u00f3n y ministerio sacerdotal.<\/p>\n<p>Con este motivo, el pr\u00f3ximo jueves 10 de septiembre, a las 7:00 de la tarde, se llevar\u00e1 a cabo una Santa Misa en la Catedral de Monterrey, a la que est\u00e1n invitados sacerdotes, religiosas, religiosos, seminaristas y fieles de la Arquidi\u00f3cesis, para agradecer a Dios por los 25 a\u00f1os de servicio episcopal de quien ha desarrollado diversas tareas pastorales dentro de la Iglesia en M\u00e9xico y Am\u00e9rica Latina, entre ellas Director de C\u00e1ritas Am\u00e9rica Latina y el Caribe.<\/p>\n<p>Mons. Gustavo Rodr\u00edguez Vega naci\u00f3 en Monterrey, Nuevo Le\u00f3n, el 7 de marzo de 1955. Ingres\u00f3 al Seminario de Monterrey en 1970 y realiz\u00f3 sus estudios de Filosof\u00eda y Teolog\u00eda antes de recibir la ordenaci\u00f3n sacerdotal el 15 de agosto de 1980, en la Bas\u00edlica de la Pur\u00edsima Concepci\u00f3n. Durante sus primeros a\u00f1os como sacerdote desempe\u00f1\u00f3 diversas responsabilidades como formador y maestro del Seminario de Monterrey.<\/p>\n<p>Posteriormente continu\u00f3 su preparaci\u00f3n acad\u00e9mica en Roma, donde estudi\u00f3 la Licenciatura en Doctrina y \u00c9tica Social de la Iglesia en la Pontificia Universidad Gregoriana, de 1986 a 1989. A su regreso a Monterrey fue Director del Secretariado de Evangelizaci\u00f3n y Catequesis y de la Escuela B\u00edblica, adem\u00e1s de continuar colaborando en la formaci\u00f3n de seminaristas.<\/p>\n<p>Tambi\u00e9n fue Rector de la Comunidad Sant\u00edsimo Redentor en la colonia Estadio y p\u00e1rroco en la parroquia Jes\u00fas el Buen Pastor, director espiritual del Instituto de Teolog\u00eda y, posteriormente, Rector del Seminario de Monterrey.<\/p>\n<p>\ud835\udc14\ud835\udc27 \ud835\udc1a\ud835\udc27\ud835\udc22\ud835\udc2f\ud835\udc1e\ud835\udc2b\ud835\udc2c\ud835\udc1a\ud835\udc2b\ud835\udc22\ud835\udc28 \ud835\udc29\ud835\udc1a\ud835\udc2b\ud835\udc1a \ud835\udc1a\ud835\udc20\ud835\udc2b\ud835\udc1a\ud835\udc1d\ud835\udc1e\ud835\udc1c\ud835\udc1e\ud835\udc2b<\/p>\n<p>A 25 a\u00f1os de haber recibido la consagraci\u00f3n episcopal, la celebraci\u00f3n en Monterrey representa tambi\u00e9n un momento para agradecer la historia de servicio que Mons. Gustavo Rodr\u00edguez Vega ha construido desde su tierra natal, primero como seminarista y sacerdote de esta Iglesia particular y posteriormente como obispo y arzobispo al servicio de distintas comunidades.<\/p>\n<p>La Arquidi\u00f3cesis de Monterrey invita a todos los fieles a unirse a esta celebraci\u00f3n eucar\u00edstica y a encomendar en la oraci\u00f3n el ministerio pastoral de Mons. Gustavo Rodr\u00edguez Vega, dando gracias por sus 25 a\u00f1os de camino episcopal y pidiendo a Dios que contin\u00fae fortaleciendo su misi\u00f3n al servicio de la Iglesia.<\/p>\n<p>Santa Misa por el XXV Aniversario Episcopal de Mons. Gustavo Rodr\u00edguez Vega<br \/>\n\ud83d\udcc5 Jueves 10 de septiembre de 2026<br \/>\n\ud83d\udccd Catedral de Monterrey<br \/>\n\ud83d\udd56 7:00 p.m.<\/p>\n<p>La Arquidi\u00f3cesis de Monterrey ha difundido la invitaci\u00f3n a esta celebraci\u00f3n, que congregar\u00e1 nuevamente en la Catedral a quien fuera su Obispo Auxiliar y que hoy contin\u00faa su ministerio como Arzobispo de Yucat\u00e1n.<\/p>\n","protected":false},"excerpt":{"rendered":"<p>La Arquidi\u00f3cesis de Monterrey se prepara para celebrar los 25 a\u00f1os de aniversario episcopal de Mons. Gustavo Rodr\u00edguez Vega, actual Arzobispo de Yucat\u00e1n y miembro del<span class=\"excerpt-hellip\"> [\u2026]<\/span><\/p>\n","protected":false},"author":10,"featured_media":18496,"comment_status":"closed","ping_status":"closed","sticky":false,"template":"","format":"standard","meta":[],"categories":[7,14],"tags":[260,261],"_links":{"self":[{"href":"https:\/\/www.arquidiocesismty.org\/arquimty\/wp-json\/wp\/v2\/posts\/18497"}],"collection":[{"href":"https:\/\/www.arquidiocesismty.org\/arquimty\/wp-json\/wp\/v2\/posts"}],"about":[{"href":"https:\/\/www.arquidiocesismty.org\/arquimty\/wp-json\/wp\/v2\/types\/post"}],"author":[{"embeddable":true,"href":"https:\/\/www.arquidiocesismty.org\/arquimty\/wp-json\/wp\/v2\/users\/10"}],"replies":[{"embeddable":true,"href":"https:\/\/www.arquidiocesismty.org\/arquimty\/wp-json\/wp\/v2\/comments?post=18497"}],"version-history":[{"count":2,"href":"https:\/\/www.arquidiocesismty.org\/arquimty\/wp-json\/wp\/v2\/posts\/18497\/revisions"}],"predecessor-version":[{"id":18499,"href":"https:\/\/www.arquidiocesismty.org\/arquimty\/wp-json\/wp\/v2\/posts\/18497\/revisions\/18499"}],"wp:featuredmedia":[{"embeddable":true,"href":"https:\/\/www.arquidiocesismty.org\/arquimty\/wp-json\/wp\/v2\/media\/18496"}],"wp:attachment":[{"href":"https:\/\/www.arquidiocesismty.org\/arquimty\/wp-json\/wp\/v2\/media?parent=18497"}],"wp:term":[{"taxonomy":"category","embeddable":true,"href":"https:\/\/www.arquidiocesismty.org\/arquimty\/wp-json\/wp\/v2\/categories?post=18497"},{"taxonomy":"post_tag","embeddable":true,"href":"https:\/\/www.arquidiocesismty.org\/arquimty\/wp-json\/wp\/v2\/tags?post=18497"}],"curies":[{"name":"wp","href":"https:\/\/api.w.org\/{rel}","templated":true}]}}