{"id":18485,"date":"2026-09-04T09:48:31","date_gmt":"2026-09-04T15:48:31","guid":{"rendered":"https:\/\/www.arquidiocesismty.org\/arquimty\/?p=18485"},"modified":"2026-09-04T10:32:23","modified_gmt":"2026-09-04T16:32:23","slug":"viven-retiro-todo-el-personal-de-caritas-de-monterrey","status":"publish","type":"post","link":"https:\/\/www.arquidiocesismty.org\/arquimty\/viven-retiro-todo-el-personal-de-caritas-de-monterrey\/","title":{"rendered":"VIVEN RETIRO TODO EL PERSONAL DE C\u00c1RITAS DE MONTERREY"},"content":{"rendered":"<div class=\"x14z9mp xat24cr x1lziwak x1vvkbs xtlvy1s x126k92a\">Con el coraz\u00f3n dispuesto a escuchar, reflexionar y encontrarse con Dios, integrantes de C\u00e1ritas de Monterrey, A.B.P. vivieron el pasado 29 de agosto el Retiro Institucional <i>\u201cEncuentro con Cristo<\/i>\u201d, un espacio dedicado a fortalecer la espiritualidad, renovar el sentido de nuestra misi\u00f3n y recordar que, detr\u00e1s de cada servicio, hay personas llamadas a caminar juntas en el amor de Dios.<\/div>\n<div class=\"x14z9mp xat24cr x1lziwak x1vvkbs xtlvy1s x126k92a\">\n<div dir=\"auto\">\n<div class=\"x14z9mp xat24cr x1lziwak x1vvkbs xtlvy1s x126k92a\">\n<div dir=\"auto\">\n<p>El encuentro reuni\u00f3 a todo el personal de C\u00e1ritas de Monterrey, quienes compartieron esta experiencia en el Palestino Liban\u00e9s.<\/p>\n<p>Bajo el prop\u00f3sito de retomar o reencontrar nuestra identidad como hijos de Dios, el retiro invit\u00f3 a cada participante a mirar hacia el interior y reconocer que el verdadero encuentro con el amor nos lleva tambi\u00e9n a descubrir nuestra misi\u00f3n. Como se plante\u00f3 durante la jornada: \u201c<i>C\u00e1ritas es Dios mismo\u201d,<\/i> y C\u00e1ritas somos todos quienes formamos parte de esta obra de servicio.<\/p>\n<p>La jornada inici\u00f3 con un mensaje de bienvenida y la bendici\u00f3n de los alimentos, a cargo del <strong>Lic. Roberto Dillon,<\/strong> presidente de C\u00e1ritas de Monterrey, y el <strong>Pbro. Esteban Mart\u00ednez,<\/strong> asesor espiritual de C\u00e1ritas de Monterrey. Posteriormente, la <strong>Psic. Karla Zambrano<\/strong> comparti\u00f3 la ponencia \u201c<i>Construyendo tu \u00e9xito\u201d,<\/i> invitando a los participantes a detenerse, mirar su historia y preguntarse hacia d\u00f3nde est\u00e1n encaminando su vida.<\/p>\n<p>A trav\u00e9s de una din\u00e1mica guiada por la <strong>Dra. Natalia Berr\u00fan<\/strong>, cada persona tuvo la oportunidad de plasmar su proyecto de vida y compartirlo con sus compa\u00f1eros de equipo. Tambi\u00e9n se abri\u00f3 un espacio para que algunos integrantes compartieran sus propios proyectos, convirtiendo sus historias, sue\u00f1os y experiencias en un testimonio para los dem\u00e1s.<\/p>\n<p>&nbsp;<\/p>\n<p>El <strong>Pbro. Esteban Mart\u00ednez<\/strong> comparti\u00f3 una reflexi\u00f3n \u201c<i>El Servicio al otro en el centro: qui\u00e9n camina con nosotros\u201d,<\/i> este espacio permiti\u00f3 profundizar en el sentido cristiano del servicio y recordar que nuestra misi\u00f3n no se vive en soledad: Dios camina con nosotros y tambi\u00e9n nos invita a caminar junto al otro.<\/p>\n<p>Para cerrar esta experiencia, los participantes prepararon su proyecto de vida para presentarlo a Cristo, culminando la jornada con una Hora Santa, como un momento de oraci\u00f3n, encuentro y entrega.<\/p>\n<p>El retiro comenz\u00f3 a construirse desde semanas antes, mediante distintas reflexiones que ayudaron a cada participante a preparar su coraz\u00f3n para este encuentro: recordar de d\u00f3nde venimos, reconocer qui\u00e9nes somos y qu\u00e9 estamos haciendo hoy, y finalmente mirar hacia nuestros sue\u00f1os.<\/p>\n<p>As\u00ed,<i> \u201cEncuentro con Cristo\u201d<\/i> fue m\u00e1s que una jornada de actividades: fue una invitaci\u00f3n a hacer una pausa, mirar nuestra historia con gratitud, reconocer los dones que Dios ha puesto en cada uno y renovar el compromiso de ponerlos al servicio de los dem\u00e1s.<\/p>\n<p>Porque servir tambi\u00e9n es encontrarnos con Cristo en el otro. Y cuando caminamos juntos, con fe, esperanza y amor, comprendemos que C\u00e1ritas somos todos y que nuestra misi\u00f3n comienza en el coraz\u00f3n de cada persona dispuesta a servir<\/p>\n<\/div>\n<\/div>\n<\/div>\n<\/div>\n","protected":false},"excerpt":{"rendered":"<p>Con el coraz\u00f3n dispuesto a escuchar, reflexionar y encontrarse con Dios, integrantes de C\u00e1ritas de Monterrey, A.B.P. vivieron el pasado 29 de agosto el Retiro Institucional<span class=\"excerpt-hellip\"> [\u2026]<\/span><\/p>\n","protected":false},"author":10,"featured_media":18486,"comment_status":"closed","ping_status":"closed","sticky":false,"template":"","format":"standard","meta":[],"categories":[7,14],"tags":[207],"_links":{"self":[{"href":"https:\/\/www.arquidiocesismty.org\/arquimty\/wp-json\/wp\/v2\/posts\/18485"}],"collection":[{"href":"https:\/\/www.arquidiocesismty.org\/arquimty\/wp-json\/wp\/v2\/posts"}],"about":[{"href":"https:\/\/www.arquidiocesismty.org\/arquimty\/wp-json\/wp\/v2\/types\/post"}],"author":[{"embeddable":true,"href":"https:\/\/www.arquidiocesismty.org\/arquimty\/wp-json\/wp\/v2\/users\/10"}],"replies":[{"embeddable":true,"href":"https:\/\/www.arquidiocesismty.org\/arquimty\/wp-json\/wp\/v2\/comments?post=18485"}],"version-history":[{"count":5,"href":"https:\/\/www.arquidiocesismty.org\/arquimty\/wp-json\/wp\/v2\/posts\/18485\/revisions"}],"predecessor-version":[{"id":18493,"href":"https:\/\/www.arquidiocesismty.org\/arquimty\/wp-json\/wp\/v2\/posts\/18485\/revisions\/18493"}],"wp:featuredmedia":[{"embeddable":true,"href":"https:\/\/www.arquidiocesismty.org\/arquimty\/wp-json\/wp\/v2\/media\/18486"}],"wp:attachment":[{"href":"https:\/\/www.arquidiocesismty.org\/arquimty\/wp-json\/wp\/v2\/media?parent=18485"}],"wp:term":[{"taxonomy":"category","embeddable":true,"href":"https:\/\/www.arquidiocesismty.org\/arquimty\/wp-json\/wp\/v2\/categories?post=18485"},{"taxonomy":"post_tag","embeddable":true,"href":"https:\/\/www.arquidiocesismty.org\/arquimty\/wp-json\/wp\/v2\/tags?post=18485"}],"curies":[{"name":"wp","href":"https:\/\/api.w.org\/{rel}","templated":true}]}}