{"id":18481,"date":"2026-09-02T13:56:37","date_gmt":"2026-09-02T19:56:37","guid":{"rendered":"https:\/\/www.arquidiocesismty.org\/arquimty\/?p=18481"},"modified":"2026-09-02T13:56:37","modified_gmt":"2026-09-02T19:56:37","slug":"la-iglesia-de-monterrey-invita-a-construir-la-paz-desde-la-palabra-de-dios-durante-el-mes-de-la-biblia-2026","status":"publish","type":"post","link":"https:\/\/www.arquidiocesismty.org\/arquimty\/la-iglesia-de-monterrey-invita-a-construir-la-paz-desde-la-palabra-de-dios-durante-el-mes-de-la-biblia-2026\/","title":{"rendered":"LA IGLESIA DE MONTERREY INVITA A CONSTRUIR LA PAZ DESDE LA PALABRA DE DIOS DURANTE EL MES DE LA BIBLIA 2026"},"content":{"rendered":"<p class=\"wp-block-paragraph\">Con el tema \u201c<em>La Iglesia construye la paz desde su testimonio<\/em>\u201d, la Arquidi\u00f3cesis de Monterrey celebrar\u00e1 en septiembre el Mes de la Biblia, con una Semana B\u00edblica parroquial del 21 al 25 de septiembre.<\/p>\n<p class=\"wp-block-paragraph\">En el marco del Mes de la Biblia 2026, la Arquidi\u00f3cesis de Monterrey invita a las comunidades parroquiales a profundizar en la Sagrada Escritura y descubrir en ella el llamado a construir la paz, a trav\u00e9s de la Semana B\u00edblica que se desarrollar\u00e1 del 21 al 25 de septiembre.<\/p>\n<p class=\"wp-block-paragraph\">La iniciativa se realiza en comuni\u00f3n con las orientaciones de la Conferencia del Episcopado Mexicano (CEM) y la propuesta de la Dimensi\u00f3n Episcopal para la Animaci\u00f3n B\u00edblica de la Pastoral, que para este a\u00f1o ha preparado una serie de catequesis bajo el lema \u201c<em>La Iglesia construye la paz desde su testimonio\u201d.<\/em><\/p>\n<p class=\"wp-block-paragraph\">En su mensaje, el Pbro. Dr. Jaime Jes\u00fas Garza Morales, director de la Escuela B\u00edblica Arquidiocesana de Monterrey, recuerda que la paz ocupa un lugar central en la Sagrada Escritura y presenta a Cristo como aquel que derriba los muros de enemistad y reconcilia a la humanidad.<\/p>\n<p class=\"wp-block-paragraph\">\u201c<em>Porque Cristo es nuestra paz, \u00e9l hizo de ambos pueblos uno solo al derribar el muro de enemistad que los separaba\u201d,<\/em> se\u00f1ala el texto inspirado en la Carta de San Pablo a los Efesios (2,14), destacando que la paz cristiana no puede entenderse solamente como ausencia de conflictos, sino como una realidad integral que nace de la relaci\u00f3n de amor entre Dios y la humanidad y se expresa en nuevos v\u00ednculos de fraternidad.<\/p>\n<p class=\"wp-block-paragraph\">El mensaje tambi\u00e9n recuerda la promesa b\u00edblica de una alianza de paz anunciada por Dios y presenta al Mes\u00edas como el <em>\u201cPr\u00edncipe de la Paz\u201d.\u00a0<\/em><\/p>\n<p class=\"wp-block-paragraph\">Desde esta perspectiva, el misterio pascual de Cristo constituye para los creyentes la fuente de una paz capaz de superar divisiones y toda forma de enemistad.<\/p>\n<p class=\"wp-block-paragraph\">Cinco d\u00edas para reflexionar sobre la paz<\/p>\n<p class=\"wp-block-paragraph\">Como parte de la Semana B\u00edblica, las comunidades parroquiales podr\u00e1n seguir un itinerario de cinco catequesis, elaborado a partir del subsidio proporcionado por la CEM y adaptado para la realidad de la Iglesia de Monterrey.<\/p>\n<p class=\"wp-block-paragraph\">El programa contempla los siguientes temas:<\/p>\n<p class=\"wp-block-paragraph\">Lunes 21 de septiembre: <em>\u201cDios entrega la paz: Un don recibido, una tarea por realizar\u201d.<\/em><\/p>\n<p class=\"wp-block-paragraph\">Martes 22:<em> \u201cForjando arados con espadas: El testimonio de la Iglesia\u201d<\/em>.<\/p>\n<p class=\"wp-block-paragraph\">Mi\u00e9rcoles 23: <em>\u201cEl Buen Samaritano: El testimonio de la parroquia como \u2018hospital de campa\u00f1a\u2019\u201d.<\/em><\/p>\n<p class=\"wp-block-paragraph\">Jueves 24: \u201c<em>Les he dado ejemplo, para que tambi\u00e9n ustedes hagan como yo: Desarmar la violencia, sirviendo\u201d.<\/em><\/p>\n<p class=\"wp-block-paragraph\">Viernes 25: <em>\u201cBienaventurados los pacificadores: La identidad del cristiano\u201d.<\/em><\/p>\n<p class=\"wp-block-paragraph\">Adem\u00e1s de estas catequesis, el subsidio arquidiocesano propone conservar una de las tradiciones del Mes de la Biblia en Monterrey: la entronizaci\u00f3n de la Sagrada Escritura durante las celebraciones eucar\u00edsticas al inicio de septiembre. Se invita tambi\u00e9n a mantener la Biblia expuesta durante todo el mes, ya sea en el presbiterio o en un lugar adecuado dentro de cada comunidad.<\/p>\n<p class=\"wp-block-paragraph\">La Semana B\u00edblica se celebrar\u00e1 en los d\u00edas previos al 30 de septiembre, fecha en que la Iglesia conmemora a San Jer\u00f3nimo, patrono de la Escuela B\u00edblica Arquidiocesana de Monterrey.<\/p>\n<p class=\"wp-block-paragraph\">El Pbro. Dr. Jaime Jes\u00fas Garza Morales expres\u00f3 su confianza en que esta iniciativa ayude a fortalecer la presencia de la Palabra de Dios en la vida de las comunidades parroquiales y permita que la Sagrada Escritura sea verdaderamente el coraz\u00f3n de su vida, misi\u00f3n y compromiso.<\/p>\n<p class=\"wp-block-paragraph\">De esta manera, el Mes de la Biblia 2026 se presenta como una oportunidad para que los fieles no solamente conozcan y mediten las Escrituras, sino que, iluminados por el Evangelio, asuman la misi\u00f3n de ser constructores de paz en sus familias, parroquias y ambientes cotidianos<\/p>\n","protected":false},"excerpt":{"rendered":"<p>Con el tema \u201cLa Iglesia construye la paz desde su testimonio\u201d, la Arquidi\u00f3cesis de Monterrey celebrar\u00e1 en septiembre el Mes de la Biblia, con una Semana<span class=\"excerpt-hellip\"> [\u2026]<\/span><\/p>\n","protected":false},"author":10,"featured_media":18482,"comment_status":"closed","ping_status":"closed","sticky":false,"template":"","format":"standard","meta":[],"categories":[7,14],"tags":[],"_links":{"self":[{"href":"https:\/\/www.arquidiocesismty.org\/arquimty\/wp-json\/wp\/v2\/posts\/18481"}],"collection":[{"href":"https:\/\/www.arquidiocesismty.org\/arquimty\/wp-json\/wp\/v2\/posts"}],"about":[{"href":"https:\/\/www.arquidiocesismty.org\/arquimty\/wp-json\/wp\/v2\/types\/post"}],"author":[{"embeddable":true,"href":"https:\/\/www.arquidiocesismty.org\/arquimty\/wp-json\/wp\/v2\/users\/10"}],"replies":[{"embeddable":true,"href":"https:\/\/www.arquidiocesismty.org\/arquimty\/wp-json\/wp\/v2\/comments?post=18481"}],"version-history":[{"count":2,"href":"https:\/\/www.arquidiocesismty.org\/arquimty\/wp-json\/wp\/v2\/posts\/18481\/revisions"}],"predecessor-version":[{"id":18484,"href":"https:\/\/www.arquidiocesismty.org\/arquimty\/wp-json\/wp\/v2\/posts\/18481\/revisions\/18484"}],"wp:featuredmedia":[{"embeddable":true,"href":"https:\/\/www.arquidiocesismty.org\/arquimty\/wp-json\/wp\/v2\/media\/18482"}],"wp:attachment":[{"href":"https:\/\/www.arquidiocesismty.org\/arquimty\/wp-json\/wp\/v2\/media?parent=18481"}],"wp:term":[{"taxonomy":"category","embeddable":true,"href":"https:\/\/www.arquidiocesismty.org\/arquimty\/wp-json\/wp\/v2\/categories?post=18481"},{"taxonomy":"post_tag","embeddable":true,"href":"https:\/\/www.arquidiocesismty.org\/arquimty\/wp-json\/wp\/v2\/tags?post=18481"}],"curies":[{"name":"wp","href":"https:\/\/api.w.org\/{rel}","templated":true}]}}