{"id":18477,"date":"2026-09-02T13:53:45","date_gmt":"2026-09-02T19:53:45","guid":{"rendered":"https:\/\/www.arquidiocesismty.org\/arquimty\/?p=18477"},"modified":"2026-09-02T13:53:45","modified_gmt":"2026-09-02T19:53:45","slug":"con-oracion-y-esperanza-parroquias-de-monterrey-bendicen-las-mochilas-ante-el-inicio-del-nuevo-ciclo-escolar","status":"publish","type":"post","link":"https:\/\/www.arquidiocesismty.org\/arquimty\/con-oracion-y-esperanza-parroquias-de-monterrey-bendicen-las-mochilas-ante-el-inicio-del-nuevo-ciclo-escolar\/","title":{"rendered":"CON ORACI\u00d3N Y ESPERANZA, PARROQUIAS DE MONTERREY BENDICEN LAS MOCHILAS ANTE EL INICIO DEL NUEVO CICLO ESCOLAR"},"content":{"rendered":"<p>Comunidades de la Arquidi\u00f3cesis de Monterrey encomiendan a Dios a estudiantes, maestros y familias<\/p>\n<p>Ante el inicio de un nuevo ciclo escolar, diversas parroquias y comunidades de la Arquidi\u00f3cesis de Monterrey llevaron a cabo la tradicional bendici\u00f3n de mochilas, invitando a ni\u00f1os, adolescentes, j\u00f3venes y familias a comenzar esta nueva etapa con fe, esperanza y confianza en Dios.<\/p>\n<p>Con sus mochilas al hombro y acompa\u00f1ados por sus familias, los estudiantes participaron en celebraciones eucar\u00edsticas y momentos de oraci\u00f3n en los que recibieron la bendici\u00f3n, poniendo en manos de Dios sus estudios, proyectos, amistades y los retos que enfrentar\u00e1n durante el ciclo escolar.<\/p>\n<p>La iniciativa tambi\u00e9n record\u00f3 la importancia de pedir por maestros, directivos y todo el personal que acompa\u00f1a la formaci\u00f3n de las nuevas generaciones.<\/p>\n<p>Estas celebraciones se realizaron en distintas comunidades, entre ellas la Bas\u00edlica de Nuestra Se\u00f1ora de Guadalupe, la Parroquia de Nuestra Se\u00f1ora de San Juan de los Lagos, en Guadalupe; la Parroquia San Antonio de Padua, en Monterrey; la Parroquia San Juan Bautista, en Garc\u00eda; el Santuario de F\u00e1tima, en San Pedro Garza Garc\u00eda; la Parroquia Nuestra Se\u00f1ora Reina de los \u00c1ngeles, en Ju\u00e1rez; la Parroquia San Judas Tadeo, en Cosm\u00f3polis, Apodaca; la Parroquia y Santuario de Nuestra Se\u00f1ora de Guadalupe; la Misi\u00f3n Parroquial San Jos\u00e9 S\u00e1nchez del R\u00edo y la Parroquia Santa Beatriz de Silva, en Monterrey, Capilla Esp\u00edritu Santo ; en San Pedro .<\/p>\n<p>M\u00e1s que una tradici\u00f3n, la bendici\u00f3n de mochilas representa para las comunidades una oportunidad para recordar que la educaci\u00f3n tambi\u00e9n puede vivirse desde la fe.<\/p>\n<p>Al colocar simb\u00f3licamente los \u00fatiles escolares bajo la protecci\u00f3n de Dios, las familias expresan su deseo de que cada estudiante encuentre en el conocimiento una herramienta para crecer, servir y construir un futuro mejor.<\/p>\n<p>De esta manera, las parroquias de la Arquidi\u00f3cesis de Monterrey acompa\u00f1an a las familias en el regreso a clases y las animan a iniciar este nuevo ciclo con entusiasmo, responsabilidad y oraci\u00f3n, confiando en que Dios camina junto a cada estudiante en las aulas y en cada nuevo aprendizaje.<\/p>\n","protected":false},"excerpt":{"rendered":"<p>Comunidades de la Arquidi\u00f3cesis de Monterrey encomiendan a Dios a estudiantes, maestros y familias Ante el inicio de un nuevo ciclo escolar, diversas parroquias y comunidades<span class=\"excerpt-hellip\"> [\u2026]<\/span><\/p>\n","protected":false},"author":10,"featured_media":18478,"comment_status":"closed","ping_status":"closed","sticky":false,"template":"","format":"standard","meta":[],"categories":[7,14],"tags":[259],"_links":{"self":[{"href":"https:\/\/www.arquidiocesismty.org\/arquimty\/wp-json\/wp\/v2\/posts\/18477"}],"collection":[{"href":"https:\/\/www.arquidiocesismty.org\/arquimty\/wp-json\/wp\/v2\/posts"}],"about":[{"href":"https:\/\/www.arquidiocesismty.org\/arquimty\/wp-json\/wp\/v2\/types\/post"}],"author":[{"embeddable":true,"href":"https:\/\/www.arquidiocesismty.org\/arquimty\/wp-json\/wp\/v2\/users\/10"}],"replies":[{"embeddable":true,"href":"https:\/\/www.arquidiocesismty.org\/arquimty\/wp-json\/wp\/v2\/comments?post=18477"}],"version-history":[{"count":2,"href":"https:\/\/www.arquidiocesismty.org\/arquimty\/wp-json\/wp\/v2\/posts\/18477\/revisions"}],"predecessor-version":[{"id":18480,"href":"https:\/\/www.arquidiocesismty.org\/arquimty\/wp-json\/wp\/v2\/posts\/18477\/revisions\/18480"}],"wp:featuredmedia":[{"embeddable":true,"href":"https:\/\/www.arquidiocesismty.org\/arquimty\/wp-json\/wp\/v2\/media\/18478"}],"wp:attachment":[{"href":"https:\/\/www.arquidiocesismty.org\/arquimty\/wp-json\/wp\/v2\/media?parent=18477"}],"wp:term":[{"taxonomy":"category","embeddable":true,"href":"https:\/\/www.arquidiocesismty.org\/arquimty\/wp-json\/wp\/v2\/categories?post=18477"},{"taxonomy":"post_tag","embeddable":true,"href":"https:\/\/www.arquidiocesismty.org\/arquimty\/wp-json\/wp\/v2\/tags?post=18477"}],"curies":[{"name":"wp","href":"https:\/\/api.w.org\/{rel}","templated":true}]}}