{"id":18472,"date":"2026-09-02T13:45:02","date_gmt":"2026-09-02T19:45:02","guid":{"rendered":"https:\/\/www.arquidiocesismty.org\/arquimty\/?p=18472"},"modified":"2026-09-02T13:45:02","modified_gmt":"2026-09-02T19:45:02","slug":"arquidiocesis-de-monterrey-reestructura-el-equipo-formador-del-instituto-diaconal","status":"publish","type":"post","link":"https:\/\/www.arquidiocesismty.org\/arquimty\/arquidiocesis-de-monterrey-reestructura-el-equipo-formador-del-instituto-diaconal\/","title":{"rendered":"ARQUIDI\u00d3CESIS DE MONTERREY REESTRUCTURA EL EQUIPO FORMADOR DEL INSTITUTO DIACONAL"},"content":{"rendered":"<p>El arzobispo Rogelio Cabrera L\u00f3pez dio a conocer la integraci\u00f3n del nuevo equipo que acompa\u00f1ar\u00e1 a los aspirantes al Diaconado Permanente en su proceso de discernimiento y formaci\u00f3n.<\/p>\n<p>La Arquidi\u00f3cesis de Monterrey fortalecer\u00e1 el proceso de formaci\u00f3n de sus futuros di\u00e1conos permanentes con la integraci\u00f3n de un nuevo Equipo Formador del Instituto Diaconal, anunciado por el arzobispo de Monterrey, Mons. Rogelio Cabrera L\u00f3pez.<\/p>\n<p>A trav\u00e9s de un comunicado dirigido a toda la Iglesia que peregrina en Monterrey, el Arzobispo se\u00f1al\u00f3 que el nuevo equipo tendr\u00e1 la misi\u00f3n de acompa\u00f1ar a los hombres que, despu\u00e9s de experimentar un llamado al servicio, realizan un camino de discernimiento y formaci\u00f3n hacia el Diaconado Permanente.<\/p>\n<p>Mons. Cabrera L\u00f3pez destac\u00f3 que el Diaconado Permanente es un don para la Iglesia y una expresi\u00f3n concreta de una comunidad llamada a servir.<\/p>\n<p>Record\u00f3 que el di\u00e1cono permanente, configurado con Cristo Siervo, est\u00e1 llamado a hacer presente el Evangelio en las realidades cotidianas mediante el servicio de la Palabra, la Liturgia y la Caridad.<\/p>\n<p>En este sentido, subray\u00f3 que la formaci\u00f3n de los futuros di\u00e1conos no debe limitarse a la preparaci\u00f3n acad\u00e9mica, sino que debe favorecer una maduraci\u00f3n vocacional integral, que abarque las dimensiones humana, espiritual, intelectual, pastoral y lit\u00fargica.<\/p>\n<p>El nuevo Equipo Formador del Instituto Diaconal estar\u00e1 integrado de la siguiente manera:<\/p>\n<p>Director: Pbro. H\u00e9ctor Manuel Robledo Roque.<\/p>\n<p>Subdirector: Diac. Perm. Luis Mart\u00edn Mazat\u00e1n D\u00e1vila.<\/p>\n<p>Coordinador de la Dimensi\u00f3n Acad\u00e9mica: Pbro. Jes\u00fas Carrera Garza.<\/p>\n<p>Secretario General: Diac. Perm. Carlos Souza Gonz\u00e1lez.<\/p>\n<p>Auxiliar de Secretar\u00eda: Diac. Perm. Jos\u00e9 Luis Ordo\u00f1ez Ben\u00edtez.<\/p>\n<p>Ec\u00f3nomo: Diac. Perm. Germ\u00e1n Aguilar Moreno.<\/p>\n<p>Formador del Campus Ci\u00e9nega de Flores: Diac. Perm. Sergio Meza Mariscal.<\/p>\n<p>Delegado del Arzobispo: S.E. Mons. Carlos Alberto Santos Garc\u00eda.<\/p>\n<p>Asimismo, se establecieron los responsables de la Dimensi\u00f3n Humana en las distintas etapas del proceso formativo: Proped\u00e9utica, Discipulado, Configuraci\u00f3n y Experiencia Eclesial o inserci\u00f3n pastoral.<\/p>\n<p>El Arzobispo explic\u00f3 que esta reestructuraci\u00f3n responde a la necesidad de poner en marcha el nuevo Itinerario Formativo del Instituto Diaconal, decretado recientemente mediante el Prot. No. 517\/2026, basado en los principios de integralidad y gradualidad.<\/p>\n<p>De acuerdo con Mons. Cabrera L\u00f3pez, el prop\u00f3sito es que cada candidato pueda profundizar en su relaci\u00f3n con Cristo, discernir su vocaci\u00f3n y prepararse con libertad y generosidad para asumir el ministerio que la Iglesia le conf\u00ede.<\/p>\n<p>El acompa\u00f1amiento espiritual ser\u00e1 tambi\u00e9n una parte fundamental de este proceso. El Arzobispo anunci\u00f3 que ser\u00e1n designados sacerdotes del \u00e1rea metropolitana de Monterrey para facilitar a los alumnos la direcci\u00f3n espiritual y el acceso al sacramento de la Reconciliaci\u00f3n. Adem\u00e1s, se contar\u00e1 con un coordinador que, en comuni\u00f3n con la direcci\u00f3n del Instituto, dar\u00e1 a conocer a estos sacerdotes el programa de formaci\u00f3n espiritual contemplado en el nuevo Itinerario.<\/p>\n<p>Otro aspecto que se considera esencial ser\u00e1 la participaci\u00f3n de los p\u00e1rrocos, las comunidades y las familias de los candidatos, debido a que el Diaconado Permanente est\u00e1 estrechamente vinculado con la vida familiar, profesional y comunitaria de quienes reciben este llamado.<\/p>\n<p>Mons. Cabrera L\u00f3pez confi\u00f3 en que el nuevo Equipo Formador contribuir\u00e1 a consolidar una formaci\u00f3n que permita a los futuros di\u00e1conos ser disc\u00edpulos que caminan juntos, servidores que construyen comuni\u00f3n, hombres misericordiosos y misioneros que llevan el Evangelio a las realidades donde Dios los ha colocado.<\/p>\n<p>Finalmente, el Arzobispo agradeci\u00f3 a quienes han aceptado esta responsabilidad y pidi\u00f3 a toda la comunidad arquidiocesana acompa\u00f1ar con su oraci\u00f3n tanto al nuevo equipo como a los hombres que actualmente se encuentran en proceso de formaci\u00f3n y discernimiento.<\/p>\n<p>Encomend\u00f3 este camino a Nuestra Se\u00f1ora del Roble, patrona y baluarte de la Iglesia de Monterrey, para que acompa\u00f1e a los candidatos, sus familias y quienes tienen la responsabilidad de formarlos, y los ayude a responder con generosidad al llamado de Cristo.<\/p>\n","protected":false},"excerpt":{"rendered":"<p>El arzobispo Rogelio Cabrera L\u00f3pez dio a conocer la integraci\u00f3n del nuevo equipo que acompa\u00f1ar\u00e1 a los aspirantes al Diaconado Permanente en su proceso de discernimiento<span class=\"excerpt-hellip\"> [\u2026]<\/span><\/p>\n","protected":false},"author":10,"featured_media":18473,"comment_status":"closed","ping_status":"closed","sticky":false,"template":"","format":"standard","meta":[],"categories":[7,14],"tags":[258,257],"_links":{"self":[{"href":"https:\/\/www.arquidiocesismty.org\/arquimty\/wp-json\/wp\/v2\/posts\/18472"}],"collection":[{"href":"https:\/\/www.arquidiocesismty.org\/arquimty\/wp-json\/wp\/v2\/posts"}],"about":[{"href":"https:\/\/www.arquidiocesismty.org\/arquimty\/wp-json\/wp\/v2\/types\/post"}],"author":[{"embeddable":true,"href":"https:\/\/www.arquidiocesismty.org\/arquimty\/wp-json\/wp\/v2\/users\/10"}],"replies":[{"embeddable":true,"href":"https:\/\/www.arquidiocesismty.org\/arquimty\/wp-json\/wp\/v2\/comments?post=18472"}],"version-history":[{"count":2,"href":"https:\/\/www.arquidiocesismty.org\/arquimty\/wp-json\/wp\/v2\/posts\/18472\/revisions"}],"predecessor-version":[{"id":18475,"href":"https:\/\/www.arquidiocesismty.org\/arquimty\/wp-json\/wp\/v2\/posts\/18472\/revisions\/18475"}],"wp:featuredmedia":[{"embeddable":true,"href":"https:\/\/www.arquidiocesismty.org\/arquimty\/wp-json\/wp\/v2\/media\/18473"}],"wp:attachment":[{"href":"https:\/\/www.arquidiocesismty.org\/arquimty\/wp-json\/wp\/v2\/media?parent=18472"}],"wp:term":[{"taxonomy":"category","embeddable":true,"href":"https:\/\/www.arquidiocesismty.org\/arquimty\/wp-json\/wp\/v2\/categories?post=18472"},{"taxonomy":"post_tag","embeddable":true,"href":"https:\/\/www.arquidiocesismty.org\/arquimty\/wp-json\/wp\/v2\/tags?post=18472"}],"curies":[{"name":"wp","href":"https:\/\/api.w.org\/{rel}","templated":true}]}}