{"id":18465,"date":"2026-09-02T11:30:35","date_gmt":"2026-09-02T17:30:35","guid":{"rendered":"https:\/\/www.arquidiocesismty.org\/arquimty\/?p=18465"},"modified":"2026-09-02T11:30:35","modified_gmt":"2026-09-02T17:30:35","slug":"arzobispo-de-monterrey-su-xii-carta-pastoral-rumbo-a-los-250-anos-de-la-iglesia-de-monterrey","status":"publish","type":"post","link":"https:\/\/www.arquidiocesismty.org\/arquimty\/arzobispo-de-monterrey-su-xii-carta-pastoral-rumbo-a-los-250-anos-de-la-iglesia-de-monterrey\/","title":{"rendered":"ARZOBISPO DE MONTERREY SU XII CARTA PASTORAL RUMBO A LOS 250 A\u00d1OS DE LA IGLESIA DE MONTERREY"},"content":{"rendered":"<p class=\"wp-block-paragraph\">El Arzobispo de Monterrey, Mons. Rogelio Cabrera L\u00f3pez, anunci\u00f3 la publicaci\u00f3n de su XII Carta Pastoral, inspirada en las palabras de san Juan: \u00ab<em>Lo que hemos visto y o\u00eddo tambi\u00e9n se lo anunciamos a ustedes\u00bb<\/em>, con la mirada puesta en la celebraci\u00f3n de los 250 a\u00f1os de la Arquidi\u00f3cesis de Monterrey, que tendr\u00e1 lugar el 15 de diciembre de 2027.<\/p>\n<p class=\"wp-block-paragraph\">A trav\u00e9s de un mensaje difundido este d\u00eda en sus redes sociales, el Arzobispo explic\u00f3 que uno de los principales prop\u00f3sitos de la carta es invitar a la comunidad eclesial a realizar una memoria agradecida, reconociendo que la historia de la Iglesia de Monterrey ha sido construida por distintas generaciones.<\/p>\n<p class=\"wp-block-paragraph\">\u201c<em>Nuestra Iglesia no comenz\u00f3 con nosotros y tampoco terminar\u00e1 con nosotros\u201d, <\/em>se\u00f1al\u00f3, al destacar que cada generaci\u00f3n recibe una herencia que est\u00e1 llamada a discernir a la luz del Evangelio, enriquecer con los dones del Esp\u00edritu y entregar a quienes vienen detr\u00e1s.<\/p>\n<p class=\"wp-block-paragraph\">Mons. Cabrera L\u00f3pez subray\u00f3 que la historia de la Arquidi\u00f3cesis no debe contemplarse \u00fanicamente como un recuento de obras, sino como una oportunidad para reconocer la acci\u00f3n de Dios en el camino recorrido por obispos, sacerdotes, di\u00e1conos, miembros de la vida consagrada y fieles laicos.<\/p>\n<p class=\"wp-block-paragraph\">En este sentido, retom\u00f3 una expresi\u00f3n que ha acompa\u00f1ado el camino pastoral de la Arquidi\u00f3cesis: \u201c<em>No lo hice yo; lo hicimos nosotros\u201d,<\/em> destacando la importancia de la participaci\u00f3n y corresponsabilidad de todos los miembros de la Iglesia.<\/p>\n<p class=\"wp-block-paragraph\"><strong>La comuni\u00f3n, eje de la carta<\/strong><\/p>\n<p class=\"wp-block-paragraph\">Uno de los conceptos centrales de la XII Carta Pastoral es la comuni\u00f3n, que el Arzobispo propone vivir de manera \u201c<em>afectiva, efectiva y contempor\u00e1nea\u201d.<\/em><\/p>\n<p class=\"wp-block-paragraph\">Explic\u00f3 que debe ser afectiva porque nace del amor sincero a Cristo y a su Iglesia; efectiva, porque se traduce en participaci\u00f3n y corresponsabilidad; y contempor\u00e1nea, porque la misi\u00f3n evangelizadora debe responder al mundo real y a las circunstancias actuales.<\/p>\n<p class=\"wp-block-paragraph\">A partir del Evangelio del d\u00eda, Mons. Cabrera L\u00f3pez relacion\u00f3 tambi\u00e9n el significado de tomar la cruz con el desaf\u00edo de vivir la comuni\u00f3n, invitando a superar el individualismo y la tendencia a privilegiar \u00fanicamente los propios grupos, movimientos, formas de trabajo u opiniones.<\/p>\n<p class=\"wp-block-paragraph\"><em>\u201cSignifica aceptar que caminamos juntos y que todos tenemos algo que aportar\u201d<\/em>, expres\u00f3.<\/p>\n<p class=\"wp-block-paragraph\"><strong>Una Iglesia m\u00e1s misionera y acogedora<\/strong><\/p>\n<p class=\"wp-block-paragraph\">Otro de los llamados presentes en la carta es a fortalecer el car\u00e1cter misionero de la Iglesia, evitando conformarse \u00fanicamente con quienes ya participan en la vida eclesial.<\/p>\n<p class=\"wp-block-paragraph\">El Arzobispo plante\u00f3 algunas preguntas para orientar esta reflexi\u00f3n:<em> \u201c\u00bfqui\u00e9n falta todav\u00eda en nuestra mesa?, \u00bfqui\u00e9n se ha alejado?, \u00bfqui\u00e9n est\u00e1 sufriendo?, \u00bfqui\u00e9n todav\u00eda no encuentra un lugar entre nosotros?\u201d<\/em><\/p>\n<p class=\"wp-block-paragraph\">Asimismo, manifest\u00f3 su deseo de una Iglesia que se parezca cada vez m\u00e1s a la <em>\u201cCasita Sagrada\u201d <\/em>de la tradici\u00f3n guadalupana: una casa donde todos puedan encontrar acogida, escucha, consuelo y esperanza, particularmente ante realidades como la violencia, la desigualdad, la soledad y la fragmentaci\u00f3n social.<\/p>\n<p class=\"wp-block-paragraph\">En este contexto, inform\u00f3 que ha pedido a parroquias, movimientos e instituciones revisar sus formas de trabajo y discernir qu\u00e9 estructuras y acciones necesitan fortalecerse, renovarse o transformarse para responder mejor a las necesidades actuales y anunciar el Evangelio.<\/p>\n<p class=\"wp-block-paragraph\">Reconoci\u00f3 que cambiar, escuchar, renunciar y aceptar que algo puede hacerse mejor no es sencillo, pero record\u00f3 que seguir a Jes\u00fas implica continuar avanzando y no permanecer c\u00f3modamente donde se est\u00e1.<\/p>\n<p class=\"wp-block-paragraph\"><strong>Prepararse para los 250 a\u00f1os<\/strong><\/p>\n<p class=\"wp-block-paragraph\">De cara al 250 aniversario de la Iglesia de Monterrey, que se celebrar\u00e1 el 15 de diciembre de 2027, el Arzobispo expres\u00f3 su deseo de que esta conmemoraci\u00f3n vaya m\u00e1s all\u00e1 de una serie de eventos.<\/p>\n<p class=\"wp-block-paragraph\">La celebraci\u00f3n, afirm\u00f3, debe convertirse en una oportunidad para agradecer la historia recibida, fortalecer la comuni\u00f3n y renovar el compromiso misionero de la Iglesia.<\/p>\n<p class=\"wp-block-paragraph\">Finalmente, Mons. Cabrera L\u00f3pez record\u00f3 que la Iglesia no pertenece a quienes actualmente la integran, sino que sus miembros pertenecen a Cristo y tienen la responsabilidad de servirla durante el tramo de historia que les corresponde.<\/p>\n<p class=\"wp-block-paragraph\">Con esta perspectiva, manifest\u00f3 su deseo de seguir caminando junto con la comunidad para construir una Iglesia \u201c<em>disc\u00edpula, unida, misericordiosa, misionera y de esperanza\u201d,<\/em> bajo la protecci\u00f3n de Nuestra Se\u00f1ora del Roble y con la mirada puesta en Jes\u00fas.<\/p>\n<p class=\"wp-block-paragraph\">La XII Carta Pastoral puede consultarse completa a trav\u00e9s de la p\u00e1gina electr\u00f3nica de la Arquidi\u00f3cesis de Monterrey y sus diferentes redes sociales.<\/p>\n","protected":false},"excerpt":{"rendered":"<p>El Arzobispo de Monterrey, Mons. Rogelio Cabrera L\u00f3pez, anunci\u00f3 la publicaci\u00f3n de su XII Carta Pastoral, inspirada en las palabras de san Juan: \u00abLo que hemos<span class=\"excerpt-hellip\"> [\u2026]<\/span><\/p>\n","protected":false},"author":10,"featured_media":18466,"comment_status":"closed","ping_status":"closed","sticky":false,"template":"","format":"standard","meta":[],"categories":[7,14],"tags":[167],"_links":{"self":[{"href":"https:\/\/www.arquidiocesismty.org\/arquimty\/wp-json\/wp\/v2\/posts\/18465"}],"collection":[{"href":"https:\/\/www.arquidiocesismty.org\/arquimty\/wp-json\/wp\/v2\/posts"}],"about":[{"href":"https:\/\/www.arquidiocesismty.org\/arquimty\/wp-json\/wp\/v2\/types\/post"}],"author":[{"embeddable":true,"href":"https:\/\/www.arquidiocesismty.org\/arquimty\/wp-json\/wp\/v2\/users\/10"}],"replies":[{"embeddable":true,"href":"https:\/\/www.arquidiocesismty.org\/arquimty\/wp-json\/wp\/v2\/comments?post=18465"}],"version-history":[{"count":2,"href":"https:\/\/www.arquidiocesismty.org\/arquimty\/wp-json\/wp\/v2\/posts\/18465\/revisions"}],"predecessor-version":[{"id":18468,"href":"https:\/\/www.arquidiocesismty.org\/arquimty\/wp-json\/wp\/v2\/posts\/18465\/revisions\/18468"}],"wp:featuredmedia":[{"embeddable":true,"href":"https:\/\/www.arquidiocesismty.org\/arquimty\/wp-json\/wp\/v2\/media\/18466"}],"wp:attachment":[{"href":"https:\/\/www.arquidiocesismty.org\/arquimty\/wp-json\/wp\/v2\/media?parent=18465"}],"wp:term":[{"taxonomy":"category","embeddable":true,"href":"https:\/\/www.arquidiocesismty.org\/arquimty\/wp-json\/wp\/v2\/categories?post=18465"},{"taxonomy":"post_tag","embeddable":true,"href":"https:\/\/www.arquidiocesismty.org\/arquimty\/wp-json\/wp\/v2\/tags?post=18465"}],"curies":[{"name":"wp","href":"https:\/\/api.w.org\/{rel}","templated":true}]}}