{"id":18461,"date":"2026-09-02T11:21:44","date_gmt":"2026-09-02T17:21:44","guid":{"rendered":"https:\/\/www.arquidiocesismty.org\/arquimty\/?p=18461"},"modified":"2026-09-02T11:21:44","modified_gmt":"2026-09-02T17:21:44","slug":"mons-rogelio-cabrera-predica-sobre-la-misericordia-de-dios-y-la-vida-familiar-en-saltillo","status":"publish","type":"post","link":"https:\/\/www.arquidiocesismty.org\/arquimty\/mons-rogelio-cabrera-predica-sobre-la-misericordia-de-dios-y-la-vida-familiar-en-saltillo\/","title":{"rendered":"MONS . ROGELIO CABRERA PREDICA SOBRE LA MISERICORDIA DE DIOS Y LA VIDA FAMILIAR EN SALTILLO"},"content":{"rendered":"<p>Mons. Rogelio Cabrera L\u00f3pez, Arzobispo de Monterrey, particip\u00f3 como predicador en un encuentro realizado en la Di\u00f3cesis de Saltillo, dedicado a reflexionar sobre la misericordia de Dios y su presencia en la vida de las familias.<\/p>\n<p>Durante su predicaci\u00f3n, el Arzobispo invit\u00f3 a reconocer que en las familias existen \u201c<i>luces y sombras\u201d,<\/i> como parte de la realidad humana y de la fragilidad de quienes las integran. En este sentido, destac\u00f3 la importancia de mirar el proyecto de Dios para la familia y reconocer su presencia en ella.<\/p>\n<p>Al referirse a la vida cristiana, retom\u00f3 la imagen de los creyentes como quienes deben llevar el \u201c<i>buen olor de Cristo\u201d,<\/i> recordando que el mundo necesita encontrar en los cristianos un testimonio vivo de Jes\u00fas.<\/p>\n<p>Mons. Cabrera tambi\u00e9n destac\u00f3 la importancia del di\u00e1logo dentro de las familias, entendido como un encuentro en el que las personas unen sus palabras y se abren a la posibilidad de transformarse mutuamente. En este contexto, invit\u00f3 a pedir al Se\u00f1or de la misericordia la capacidad de mirar con ternura, hablar con respeto y estrechar la cercan\u00eda con sensibilidad.<\/p>\n<p>Retomando una invitaci\u00f3n del Papa Francisco a <i>\u201cprimerear\u201d,<\/i> el Arzobispo anim\u00f3 a los participantes a aprender a dar el primer paso en el encuentro con los dem\u00e1s. Se\u00f1al\u00f3 que, cuando cada persona espera que sea el otro quien se acerque primero, puede generarse una situaci\u00f3n en la que ninguno da el paso necesario para favorecer el encuentro.<\/p>\n<p>Por ello, subray\u00f3 que el amor requiere valent\u00eda y humildad para acercarse, dialogar y buscar la reconciliaci\u00f3n, aun cuando resulte dif\u00edcil. Esta actitud, explic\u00f3, permite abrir caminos para experimentar la misericordia y fortalecer los v\u00ednculos dentro de las familias.<\/p>\n<p>El encuentro reuni\u00f3 a fieles de la Di\u00f3cesis de Saltillo en un espacio de oraci\u00f3n, reflexi\u00f3n y convivencia en torno a la misericordia de Dios y la vida familiar<\/p>\n","protected":false},"excerpt":{"rendered":"<p>Mons. Rogelio Cabrera L\u00f3pez, Arzobispo de Monterrey, particip\u00f3 como predicador en un encuentro realizado en la Di\u00f3cesis de Saltillo, dedicado a reflexionar sobre la misericordia de<span class=\"excerpt-hellip\"> [\u2026]<\/span><\/p>\n","protected":false},"author":10,"featured_media":18462,"comment_status":"closed","ping_status":"closed","sticky":false,"template":"","format":"standard","meta":[],"categories":[7,14],"tags":[255,256,219],"_links":{"self":[{"href":"https:\/\/www.arquidiocesismty.org\/arquimty\/wp-json\/wp\/v2\/posts\/18461"}],"collection":[{"href":"https:\/\/www.arquidiocesismty.org\/arquimty\/wp-json\/wp\/v2\/posts"}],"about":[{"href":"https:\/\/www.arquidiocesismty.org\/arquimty\/wp-json\/wp\/v2\/types\/post"}],"author":[{"embeddable":true,"href":"https:\/\/www.arquidiocesismty.org\/arquimty\/wp-json\/wp\/v2\/users\/10"}],"replies":[{"embeddable":true,"href":"https:\/\/www.arquidiocesismty.org\/arquimty\/wp-json\/wp\/v2\/comments?post=18461"}],"version-history":[{"count":2,"href":"https:\/\/www.arquidiocesismty.org\/arquimty\/wp-json\/wp\/v2\/posts\/18461\/revisions"}],"predecessor-version":[{"id":18464,"href":"https:\/\/www.arquidiocesismty.org\/arquimty\/wp-json\/wp\/v2\/posts\/18461\/revisions\/18464"}],"wp:featuredmedia":[{"embeddable":true,"href":"https:\/\/www.arquidiocesismty.org\/arquimty\/wp-json\/wp\/v2\/media\/18462"}],"wp:attachment":[{"href":"https:\/\/www.arquidiocesismty.org\/arquimty\/wp-json\/wp\/v2\/media?parent=18461"}],"wp:term":[{"taxonomy":"category","embeddable":true,"href":"https:\/\/www.arquidiocesismty.org\/arquimty\/wp-json\/wp\/v2\/categories?post=18461"},{"taxonomy":"post_tag","embeddable":true,"href":"https:\/\/www.arquidiocesismty.org\/arquimty\/wp-json\/wp\/v2\/tags?post=18461"}],"curies":[{"name":"wp","href":"https:\/\/api.w.org\/{rel}","templated":true}]}}