{"id":18458,"date":"2026-09-02T11:17:33","date_gmt":"2026-09-02T17:17:33","guid":{"rendered":"https:\/\/www.arquidiocesismty.org\/arquimty\/?p=18458"},"modified":"2026-09-02T11:17:33","modified_gmt":"2026-09-02T17:17:33","slug":"mons-rogelio-cabrera-lopez-exhorto-a-los-nuevos-diaconos-a-vivir-con-fidelidad-prudencia-y-especial-cercania-con-los-mas-sencillos-y-pobres","status":"publish","type":"post","link":"https:\/\/www.arquidiocesismty.org\/arquimty\/mons-rogelio-cabrera-lopez-exhorto-a-los-nuevos-diaconos-a-vivir-con-fidelidad-prudencia-y-especial-cercania-con-los-mas-sencillos-y-pobres\/","title":{"rendered":"MONS ROGELIO CABRERA L\u00d3PEZ EXHORTO A LOS NUEVOS DI\u00c1CONOS A VIVIR CON FIDELIDAD PRUDENCIA Y ESPECIAL CERCANIA CON LOS M\u00c1S SENCILLOS Y POBRES"},"content":{"rendered":"<p>Con alegr\u00eda y esperanza, la Iglesia de Monterrey celebr\u00f3 este jueves la Ordenaci\u00f3n Diaconal de 11 seminaristas, quienes dieron un nuevo paso en su camino hacia el sacerdocio al recibir el ministerio del diaconado de manos de Mons. Rogelio Cabrera L\u00f3pez, Arzobispo de Monterrey.<\/p>\n<p>La celebraci\u00f3n tuvo lugar en la Bas\u00edlica de Nuestra Se\u00f1ora del Roble, donde se reunieron familiares, amigos, sacerdotes, religiosas, seminaristas y fieles de la Arquidi\u00f3cesis para acompa\u00f1ar a los nuevos di\u00e1conos en este momento significativo de su vocaci\u00f3n.<\/p>\n<p>Los ordenados fueron Filiberto \u00c1vila de Santiago, Santiago C\u00e1rdenas Murillo, Guillermo Castillo Paredes, SNSJ, Sergio Uriel Garc\u00eda Medrano, Manuel de Jes\u00fas Garc\u00eda Ramos, Jes\u00fas Emmanuel Garza Torres, \u00c1ngel Salvador Mart\u00ednez Ch\u00e1vez, Iv\u00e1n Ezequiel Mart\u00ednez Gonz\u00e1lez, Jos\u00e9 Humberto Reyes P\u00e9rez, Diego Andr\u00e9s Trevi\u00f1o Almaguer y Karlos Cristian Ortiz Gonz\u00e1lez.<\/p>\n<p>Durante su homil\u00eda, el Arzobispo destac\u00f3 que la ordenaci\u00f3n de estos j\u00f3venes representa un regalo para la Iglesia, particularmente ante la realidad actual de escasez de vocaciones al ministerio ordenado.<\/p>\n<p><em>\u201cPara m\u00ed todo es un regalo, igual, pero en estas circunstancias que vive la Iglesia aprecio de un modo muy especial el que tengamos di\u00e1conos\u201d,<\/em> expres\u00f3 Mons. Cabrera L\u00f3pez, quien record\u00f3 tambi\u00e9n la importancia de continuar orando al Se\u00f1or para que env\u00ede m\u00e1s trabajadores a sus campos.<\/p>\n<p><i>\u201cYo no he venido a ser servido, sino a servir\u201d<\/i><i><\/i><\/p>\n<p>Tomando como punto central el Evangelio proclamado durante la celebraci\u00f3n, el Arzobispo invit\u00f3 a los nuevos di\u00e1conos a mirar siempre a Cristo como el modelo fundamental de su ministerio.<\/p>\n<p>\u201cHoy vamos a mirar a Cristo. \u00c9l es el di\u00e1cono. \u00c9l mismo se autodefine: <i>\u2018Yo no he venido a ser servido, sino a servir<\/i>\u2019. Eso es lo que define la persona de Cristo\u201d, se\u00f1al\u00f3.<\/p>\n<p>Explic\u00f3 que la palabra di\u00e1cono est\u00e1 profundamente relacionada con la realidad del servicio, y record\u00f3 que Mar\u00eda tambi\u00e9n se reconoci\u00f3 como <i>\u201cesclava del Se\u00f1or\u201d<\/i>, aunque no haya recibido el ministerio ordenado.<\/p>\n<p>Por ello, invit\u00f3 a los nuevos di\u00e1conos a no perder nunca de vista que el ministerio que reciben tiene como finalidad servir a los dem\u00e1s y entregar la propia vida.<\/p>\n<p>El Arzobispo record\u00f3 adem\u00e1s el ejemplo de los primeros siete di\u00e1conos mencionados en los Hechos de los Ap\u00f3stoles, particularmente san Esteban, quien no solamente encabez\u00f3 el servicio a las mesas, sino que posteriormente dio testimonio de Cristo hasta entregar su vida.<\/p>\n<p><i>\u201cHacer algo por los dem\u00e1s es dar la vida por los dem\u00e1s\u201d<\/i>, afirm\u00f3.<\/p>\n<p>\ud835\udc05\ud835\udc22\ud835\udc1d\ud835\udc1e\ud835\udc25\ud835\udc22\ud835\udc1d\ud835\udc1a\ud835\udc1d \ud835\udc32 \ud835\udc29\ud835\udc2b\ud835\udc2e\ud835\udc1d\ud835\udc1e\ud835\udc27\ud835\udc1c\ud835\udc22\ud835\udc1a, \ud835\udc2f\ud835\udc22\ud835\udc2b\ud835\udc2d\ud835\udc2e\ud835\udc1d\ud835\udc1e\ud835\udc2c \ud835\udc1d\ud835\udc1e\ud835\udc25 \ud835\udc2c\ud835\udc1e\ud835\udc2b\ud835\udc2f\ud835\udc22\ud835\udc1d\ud835\udc28\ud835\udc2b<\/p>\n<p>A partir del Evangelio, Mons. Cabrera L\u00f3pez se\u00f1al\u00f3 dos virtudes que deben caracterizar siempre a quien ejerce un servicio en la Iglesia: la fidelidad y la prudencia.<\/p>\n<p>Explic\u00f3 que ser fiel significa permanecer siempre atentos a aquel que conf\u00eda una misi\u00f3n y ser dignos de confianza ante Dios y ante la comunidad.<\/p>\n<p>\u201c<i>La fidelidad significa estar siempre atentos a quien nos env\u00eda, a quien nos da el encargo; ser fiel es ser digno de confianza\u201d<\/i>, explic\u00f3.<\/p>\n<p>Al hablar de la prudencia, destac\u00f3 que se trata de una virtud particularmente necesaria en el tiempo actual, pues implica saber hablar y actuar correctamente en el momento oportuno.<\/p>\n<p>\u201c<i>Hoy hace falta mucho esta virtud. Hablamos sin control, hacemos cosas de las cuales despu\u00e9s nos arrepentimos porque no medimos el costo de nuestras palabras y el costo de nuestras acciones\u201d, <\/i>advirti\u00f3.<\/p>\n<p>En este sentido, pidi\u00f3 a los nuevos di\u00e1conos cuidar especialmente su manera de comunicarse y su presencia en las redes sociales.<\/p>\n<p><i>\u201cCuidado con las redes sociales, cuidado con su WhatsApp; sepan qu\u00e9 piensan, porque vivimos tiempos muy complicados\u201d<\/i>, exhort\u00f3.<\/p>\n<p>\ud835\udc12\ud835\udc1e\ud835\udc2b\ud835\udc2f\ud835\udc22\ud835\udc2b \ud835\udc1e\ud835\udc2c\ud835\udc29\ud835\udc1e\ud835\udc1c\ud835\udc22\ud835\udc1a\ud835\udc25\ud835\udc26\ud835\udc1e\ud835\udc27\ud835\udc2d\ud835\udc1e \ud835\udc1a \ud835\udc25\ud835\udc28\ud835\udc2c \ud835\udc26\ud835\udc1a\u0301\ud835\udc2c \ud835\udc2c\ud835\udc1e\ud835\udc27\ud835\udc1c\ud835\udc22\ud835\udc25\ud835\udc25\ud835\udc28\ud835\udc2c \ud835\udc32 \ud835\udc29\ud835\udc28\ud835\udc1b\ud835\udc2b\ud835\udc1e\ud835\udc2c<\/p>\n<p>Mons. Cabrera L\u00f3pez pidi\u00f3 a los nuevos di\u00e1conos que durante su servicio en las comunidades parroquiales tengan una particular cercan\u00eda con las personas m\u00e1s sencillas y pobres.<\/p>\n<p>Les record\u00f3 que el diaconado no debe entenderse como una responsabilidad temporal o meramente funcional, sino como una verdadera escuela de entrega y caridad.<\/p>\n<p>\u201c<i>Les pedir\u00e9 servir en sus comunidades sabiendo que no es por un ratito, es para toda la vida, pero es necesario tener ese entrenamiento de la caridad\u201d, <\/i>afirm\u00f3.<\/p>\n<p>Asimismo, les confi\u00f3 una misi\u00f3n especial: <i>\u201cLes encargo mucho a la gente m\u00e1s sencilla y m\u00e1s pobre de nuestra di\u00f3cesis\u201d.<\/i><i><\/i><\/p>\n<p>Al finalizar su exhortaci\u00f3n, el Arzobispo describi\u00f3 a los nuevos di\u00e1conos como <i>\u201cla cara amable de la Iglesia\u201d<\/i>, pidiendo a Dios que los acompa\u00f1e en esta nueva etapa de su vocaci\u00f3n.<\/p>\n<p>La celebraci\u00f3n concluy\u00f3 en un ambiente de alegr\u00eda y acci\u00f3n de gracias, con la comunidad arquidiocesana acompa\u00f1ando a los 11 nuevos di\u00e1conos, quienes continuar\u00e1n su preparaci\u00f3n y servicio pastoral en camino hacia la ordenaci\u00f3n sacerdotal.<\/p>\n<p>Mons. Rogelio Cabrera L\u00f3pez extendi\u00f3 tambi\u00e9n su llamado a los sacerdotes presentes para que nunca olviden la esencia de su ministerio: <i>\u201cque el Se\u00f1or nos conceda nunca olvidar que somos servidores\u201d.<\/i><i><\/i><\/p>\n<p>La Iglesia de Monterrey se une as\u00ed en oraci\u00f3n por Filiberto, Santiago, Guillermo, Sergio, Manuel, Jes\u00fas Emmanuel, \u00c1ngel Salvador, Iv\u00e1n Ezequiel, Jos\u00e9 Humberto, Diego Andr\u00e9s y Karlos Cristian, pidiendo que su ministerio sea siempre un testimonio de fidelidad, prudencia y entrega generosa al pueblo de Dios.<\/p>\n","protected":false},"excerpt":{"rendered":"<p>Con alegr\u00eda y esperanza, la Iglesia de Monterrey celebr\u00f3 este jueves la Ordenaci\u00f3n Diaconal de 11 seminaristas, quienes dieron un nuevo paso en su camino hacia<span class=\"excerpt-hellip\"> [\u2026]<\/span><\/p>\n","protected":false},"author":10,"featured_media":18446,"comment_status":"closed","ping_status":"closed","sticky":false,"template":"","format":"standard","meta":[],"categories":[7,14],"tags":[254],"_links":{"self":[{"href":"https:\/\/www.arquidiocesismty.org\/arquimty\/wp-json\/wp\/v2\/posts\/18458"}],"collection":[{"href":"https:\/\/www.arquidiocesismty.org\/arquimty\/wp-json\/wp\/v2\/posts"}],"about":[{"href":"https:\/\/www.arquidiocesismty.org\/arquimty\/wp-json\/wp\/v2\/types\/post"}],"author":[{"embeddable":true,"href":"https:\/\/www.arquidiocesismty.org\/arquimty\/wp-json\/wp\/v2\/users\/10"}],"replies":[{"embeddable":true,"href":"https:\/\/www.arquidiocesismty.org\/arquimty\/wp-json\/wp\/v2\/comments?post=18458"}],"version-history":[{"count":2,"href":"https:\/\/www.arquidiocesismty.org\/arquimty\/wp-json\/wp\/v2\/posts\/18458\/revisions"}],"predecessor-version":[{"id":18460,"href":"https:\/\/www.arquidiocesismty.org\/arquimty\/wp-json\/wp\/v2\/posts\/18458\/revisions\/18460"}],"wp:featuredmedia":[{"embeddable":true,"href":"https:\/\/www.arquidiocesismty.org\/arquimty\/wp-json\/wp\/v2\/media\/18446"}],"wp:attachment":[{"href":"https:\/\/www.arquidiocesismty.org\/arquimty\/wp-json\/wp\/v2\/media?parent=18458"}],"wp:term":[{"taxonomy":"category","embeddable":true,"href":"https:\/\/www.arquidiocesismty.org\/arquimty\/wp-json\/wp\/v2\/categories?post=18458"},{"taxonomy":"post_tag","embeddable":true,"href":"https:\/\/www.arquidiocesismty.org\/arquimty\/wp-json\/wp\/v2\/tags?post=18458"}],"curies":[{"name":"wp","href":"https:\/\/api.w.org\/{rel}","templated":true}]}}