{"id":1833,"date":"2017-07-26T17:52:20","date_gmt":"2017-07-26T22:52:20","guid":{"rendered":"https:\/\/www.arquidiocesismty.org\/arquimty\/?p=1833"},"modified":"2017-11-01T17:54:11","modified_gmt":"2017-11-01T23:54:11","slug":"proyectan-nuevamente-video-mapping-en-santiago-n-l-2","status":"publish","type":"post","link":"https:\/\/www.arquidiocesismty.org\/arquimty\/proyectan-nuevamente-video-mapping-en-santiago-n-l-2\/","title":{"rendered":"Proyectan nuevamente v\u00eddeo mapping en Santiago N.L."},"content":{"rendered":"<p><strong>Santiago.-\u00a0<\/strong>Parroquia Santiago Ap\u00f3stol proyect\u00f3 el primer v\u00eddeo mapping en el municipio de Santiago N.L. Con motivo de celebrar la fiesta patronal, la fachada se lleno de colores radiantes al rededor de 10 minutos, acompa\u00f1ada de m\u00fasica.<\/p>\n<p>Durante el cual, cont\u00f3 con la presencia de 10 mil\u00a0asistentes, quienes presenciaron el espect\u00e1culo donde se relat\u00f3 la historia del municipio y de su patrono, contada con una serie de im\u00e1genes.<\/p>\n<p>Gracias a la satisfactoria respuesta de los asistentes, el espect\u00e1culo de colores ser\u00e1 proyectado nuevamente el d\u00eda de hoy, mi\u00e9rcoles 26 de julio a partir de las 9 de la noche.<\/p>\n<p>Aun tienes la oportunidad de disfrutar de este incre\u00edble espect\u00e1culo de forma completamente gratuita.<\/p>\n","protected":false},"excerpt":{"rendered":"<p>Santiago.-\u00a0Parroquia Santiago Ap\u00f3stol proyect\u00f3 el primer v\u00eddeo mapping en el municipio de Santiago N.L. Con motivo de celebrar la fiesta patronal, la fachada se lleno de colores radiantes al rededor de 10 minutos, acompa\u00f1ada de m\u00fasica.<\/p>\n","protected":false},"author":5,"featured_media":1832,"comment_status":"closed","ping_status":"closed","sticky":false,"template":"","format":"standard","meta":[],"categories":[14],"tags":[],"_links":{"self":[{"href":"https:\/\/www.arquidiocesismty.org\/arquimty\/wp-json\/wp\/v2\/posts\/1833"}],"collection":[{"href":"https:\/\/www.arquidiocesismty.org\/arquimty\/wp-json\/wp\/v2\/posts"}],"about":[{"href":"https:\/\/www.arquidiocesismty.org\/arquimty\/wp-json\/wp\/v2\/types\/post"}],"author":[{"embeddable":true,"href":"https:\/\/www.arquidiocesismty.org\/arquimty\/wp-json\/wp\/v2\/users\/5"}],"replies":[{"embeddable":true,"href":"https:\/\/www.arquidiocesismty.org\/arquimty\/wp-json\/wp\/v2\/comments?post=1833"}],"version-history":[{"count":2,"href":"https:\/\/www.arquidiocesismty.org\/arquimty\/wp-json\/wp\/v2\/posts\/1833\/revisions"}],"predecessor-version":[{"id":2938,"href":"https:\/\/www.arquidiocesismty.org\/arquimty\/wp-json\/wp\/v2\/posts\/1833\/revisions\/2938"}],"wp:featuredmedia":[{"embeddable":true,"href":"https:\/\/www.arquidiocesismty.org\/arquimty\/wp-json\/wp\/v2\/media\/1832"}],"wp:attachment":[{"href":"https:\/\/www.arquidiocesismty.org\/arquimty\/wp-json\/wp\/v2\/media?parent=1833"}],"wp:term":[{"taxonomy":"category","embeddable":true,"href":"https:\/\/www.arquidiocesismty.org\/arquimty\/wp-json\/wp\/v2\/categories?post=1833"},{"taxonomy":"post_tag","embeddable":true,"href":"https:\/\/www.arquidiocesismty.org\/arquimty\/wp-json\/wp\/v2\/tags?post=1833"}],"curies":[{"name":"wp","href":"https:\/\/api.w.org\/{rel}","templated":true}]}}