{"id":1821,"date":"2017-07-20T19:00:22","date_gmt":"2017-07-21T00:00:22","guid":{"rendered":"https:\/\/www.arquidiocesismty.org\/arquimty\/?p=1821"},"modified":"2017-11-01T17:56:14","modified_gmt":"2017-11-01T23:56:14","slug":"jesus-no-nos-atrae-conquistandonos-sino-entregandose","status":"publish","type":"post","link":"https:\/\/www.arquidiocesismty.org\/arquimty\/jesus-no-nos-atrae-conquistandonos-sino-entregandose\/","title":{"rendered":"JES\u00daS NO NOS ATRAE CONQUIST\u00c1NDONOS, SINO ENTREG\u00c1NDOSE"},"content":{"rendered":"<p><strong>Ciudad del Vaticano<\/strong> (<a href=\"http:\/\/www.pastoralsiglo21.org\">www.pastoralsiglo21.org<\/a>) <strong>20 de Julio del 2017.-<\/strong> Durante la oraci\u00f3n del \u00c1ngelus este domingo, el Papa Francisco habl\u00f3 sobre Jes\u00fas y la par\u00e1bola del sembrador.<\/p>\n<p>Dijo que el lenguaje que usaba Jes\u00fas no era una teolog\u00eda complicada, lo cual puede verse en la par\u00e1bola del sembrador, y notamos que \u00c9l se presenta como uno que no se impone, sino que se propone, \u201cno nos atrae conquist\u00e1ndonos, sino don\u00e1ndose. Arroja la semoilla. {El propaga con paciencia y generosidad su Palabra, que no es una jaula o una trampa, sino una semilla que puede dar frutos si la recibimos\u201d.<\/p>\n<p>Jes\u00fas realiza una radiograf\u00eda espiritual de nuestro coraz\u00f3n, agreg\u00f3, que es el terreno sobre el que cae la semilla de la Palabra.<\/p>\n<p>\u201cNuestro coraz\u00f3n, como un terreno, puede ser bueno, y as\u00ed la Palabra da fruto, y mucho; pero tambi\u00e9n puede ser duro, impermeable. Esto sucede cuando o\u00edmos la Palabra, pero ella nos rebota encima, al igual que sobre una carretera: no entra\u201d.<\/p>\n<p>Jes\u00fas nos invita hoy a mirar dentro nuestro: a agradecer por nuestro terreno bueno y a trabajar en los terrenos todav\u00eda no buenos, expres\u00f3.<\/p>\n<p>\u201cPregunt\u00e9monos si nuestro coraz\u00f3n est\u00e1 abierto para acoger con fe la semilla de la Palabra de Dios. Pregunt\u00e9monos si nuestras rocas de la pereza son todav\u00eda muchas y grandes; identifiquemos y llamemos por nombre los espinos de los vicios. Encontremos el valor de hacer un buen saneamiento del terreno, un buen saneamiento de nuestro coraz\u00f3n, llev\u00e1ndole al Se\u00f1or en la Confesi\u00f3n y en la oraci\u00f3n nuestras rocas y espinos. Haci\u00e9ndolo as\u00ed, Jes\u00fas, el Buen Sembrador, ser\u00e1 feliz de realizar un trabajo adicional: purificar nuestro coraz\u00f3n, quitando las rocas y los espinos que ahogan su Palabra\u201d.<\/p>\n<p><strong>Equipo Editorial de Pastoral Siglo XXI<\/strong><\/p>\n<p>&nbsp;<\/p>\n","protected":false},"excerpt":{"rendered":"<p>Ciudad del Vaticano (www.pastoralsiglo21.org) 20 de Julio del 2017.- Durante la oraci\u00f3n del \u00c1ngelus este domingo, el Papa Francisco habl\u00f3 sobre Jes\u00fas y la par\u00e1bola del sembrador.<\/p>\n","protected":false},"author":3,"featured_media":1822,"comment_status":"closed","ping_status":"closed","sticky":false,"template":"","format":"standard","meta":[],"categories":[14,6],"tags":[23],"_links":{"self":[{"href":"https:\/\/www.arquidiocesismty.org\/arquimty\/wp-json\/wp\/v2\/posts\/1821"}],"collection":[{"href":"https:\/\/www.arquidiocesismty.org\/arquimty\/wp-json\/wp\/v2\/posts"}],"about":[{"href":"https:\/\/www.arquidiocesismty.org\/arquimty\/wp-json\/wp\/v2\/types\/post"}],"author":[{"embeddable":true,"href":"https:\/\/www.arquidiocesismty.org\/arquimty\/wp-json\/wp\/v2\/users\/3"}],"replies":[{"embeddable":true,"href":"https:\/\/www.arquidiocesismty.org\/arquimty\/wp-json\/wp\/v2\/comments?post=1821"}],"version-history":[{"count":2,"href":"https:\/\/www.arquidiocesismty.org\/arquimty\/wp-json\/wp\/v2\/posts\/1821\/revisions"}],"predecessor-version":[{"id":2940,"href":"https:\/\/www.arquidiocesismty.org\/arquimty\/wp-json\/wp\/v2\/posts\/1821\/revisions\/2940"}],"wp:featuredmedia":[{"embeddable":true,"href":"https:\/\/www.arquidiocesismty.org\/arquimty\/wp-json\/wp\/v2\/media\/1822"}],"wp:attachment":[{"href":"https:\/\/www.arquidiocesismty.org\/arquimty\/wp-json\/wp\/v2\/media?parent=1821"}],"wp:term":[{"taxonomy":"category","embeddable":true,"href":"https:\/\/www.arquidiocesismty.org\/arquimty\/wp-json\/wp\/v2\/categories?post=1821"},{"taxonomy":"post_tag","embeddable":true,"href":"https:\/\/www.arquidiocesismty.org\/arquimty\/wp-json\/wp\/v2\/tags?post=1821"}],"curies":[{"name":"wp","href":"https:\/\/api.w.org\/{rel}","templated":true}]}}