{"id":18108,"date":"2026-04-27T13:06:38","date_gmt":"2026-04-27T19:06:38","guid":{"rendered":"https:\/\/www.arquidiocesismty.org\/arquimty\/?p=18108"},"modified":"2026-04-27T13:07:08","modified_gmt":"2026-04-27T19:07:08","slug":"18108-2","status":"publish","type":"post","link":"https:\/\/www.arquidiocesismty.org\/arquimty\/18108-2\/","title":{"rendered":"INVITA ARZOBISPO A PARTICIPAR EN \ud835\udfcf\ud835\udfd2\u00aa CARRERA DEL DIEZMO"},"content":{"rendered":"<p>A trav\u00e9s de sus redes sociales, el Arzobispo de la Arquidi\u00f3cesis de Monterrey, Rogelio Cabrera L\u00f3pez, hizo una invitaci\u00f3n a toda la comunidad cat\u00f3lica a participar en la 14\u00aa edici\u00f3n de la tradicional Carrera del Diezmo, que se llevar\u00e1 a cabo el pr\u00f3ximo domingo 3 de mayo.<\/p>\n<p>En su mensaje dominical, el prelado destac\u00f3 que esta iniciativa se ha consolidado como un signo visible de comuni\u00f3n, solidaridad y corresponsabilidad dentro de la Iglesia local. Subray\u00f3 que no se trata \u00fanicamente de una actividad deportiva, sino de una oportunidad concreta para fortalecer la vida y misi\u00f3n evangelizadora de la Iglesia.<\/p>\n<p>Asimismo, explic\u00f3 que los recursos obtenidos a trav\u00e9s de esta carrera ser\u00e1n destinados al sostenimiento de diversas acciones pastorales, as\u00ed como al apoyo de la Casa Sacerdotal, donde se brinda atenci\u00f3n a sacerdotes mayores y enfermos. \u201cEs una forma de acompa\u00f1ar con gratitud y cari\u00f1o a quienes han entregado su vida al servicio del pueblo de Dios\u201d, expres\u00f3.<\/p>\n<p>El Arzobispo exhort\u00f3 a los fieles a sumarse a esta iniciativa en un ambiente de comunidad, invitando a participar en familia, con amigos o como parte de grupos parroquiales y apost\u00f3licos.<\/p>\n<p>Las inscripciones para la Carrera del Diezmo ya se encuentran disponibles en los canales oficiales de la Arquidi\u00f3cesis y en la plataforma digital del Diezmo. (<a href=\"http:\/\/www.tudiezmo.com\/carrera\/?fbclid=IwZXh0bgNhZW0CMTAAYnJpZBExaEVsN1dtMHNZZk9KeTMzMnNydGMGYXBwX2lkEDIyMjAzOTE3ODgyMDA4OTIAAR7rxae4jNxEbGDx-iVfy3uALT_PnG1dh-TX5BUGBc4YD1tEtuRFizzeEwRp3g_aem_146X0j1HcrtUW80jy-o3cg\"><b>www.tudiezmo.com\/carrera\/<\/b><\/a>)<\/p>\n<p>Finalmente, anim\u00f3 a los participantes a vivir esta experiencia no solo como un reto deportivo, sino como un gesto de compromiso con la Iglesia: \u201cCorramos juntos no solo por una meta, sino por una causa profundamente eclesial: sostener la misi\u00f3n evangelizadora y apoyar a quienes han servido con entrega al Evangelio\u201d.<\/p>\n","protected":false},"excerpt":{"rendered":"<p>A trav\u00e9s de sus redes sociales, el Arzobispo de la Arquidi\u00f3cesis de Monterrey, Rogelio Cabrera L\u00f3pez, hizo una invitaci\u00f3n a toda la comunidad cat\u00f3lica a participar<span class=\"excerpt-hellip\"> [\u2026]<\/span><\/p>\n","protected":false},"author":10,"featured_media":18109,"comment_status":"closed","ping_status":"closed","sticky":false,"template":"","format":"standard","meta":[],"categories":[7,14],"tags":[75,206],"_links":{"self":[{"href":"https:\/\/www.arquidiocesismty.org\/arquimty\/wp-json\/wp\/v2\/posts\/18108"}],"collection":[{"href":"https:\/\/www.arquidiocesismty.org\/arquimty\/wp-json\/wp\/v2\/posts"}],"about":[{"href":"https:\/\/www.arquidiocesismty.org\/arquimty\/wp-json\/wp\/v2\/types\/post"}],"author":[{"embeddable":true,"href":"https:\/\/www.arquidiocesismty.org\/arquimty\/wp-json\/wp\/v2\/users\/10"}],"replies":[{"embeddable":true,"href":"https:\/\/www.arquidiocesismty.org\/arquimty\/wp-json\/wp\/v2\/comments?post=18108"}],"version-history":[{"count":2,"href":"https:\/\/www.arquidiocesismty.org\/arquimty\/wp-json\/wp\/v2\/posts\/18108\/revisions"}],"predecessor-version":[{"id":18111,"href":"https:\/\/www.arquidiocesismty.org\/arquimty\/wp-json\/wp\/v2\/posts\/18108\/revisions\/18111"}],"wp:featuredmedia":[{"embeddable":true,"href":"https:\/\/www.arquidiocesismty.org\/arquimty\/wp-json\/wp\/v2\/media\/18109"}],"wp:attachment":[{"href":"https:\/\/www.arquidiocesismty.org\/arquimty\/wp-json\/wp\/v2\/media?parent=18108"}],"wp:term":[{"taxonomy":"category","embeddable":true,"href":"https:\/\/www.arquidiocesismty.org\/arquimty\/wp-json\/wp\/v2\/categories?post=18108"},{"taxonomy":"post_tag","embeddable":true,"href":"https:\/\/www.arquidiocesismty.org\/arquimty\/wp-json\/wp\/v2\/tags?post=18108"}],"curies":[{"name":"wp","href":"https:\/\/api.w.org\/{rel}","templated":true}]}}