{"id":18102,"date":"2026-04-27T12:47:13","date_gmt":"2026-04-27T18:47:13","guid":{"rendered":"https:\/\/www.arquidiocesismty.org\/arquimty\/?p=18102"},"modified":"2026-04-27T12:47:13","modified_gmt":"2026-04-27T18:47:13","slug":"celebran-56-aniversario-de-la-escuela-biblica-con-misa-solemne","status":"publish","type":"post","link":"https:\/\/www.arquidiocesismty.org\/arquimty\/celebran-56-aniversario-de-la-escuela-biblica-con-misa-solemne\/","title":{"rendered":"CELEBRAN 56 ANIVERSARIO DE LA ESCUELA B\u00cdBLICA CON MISA SOLEMNE"},"content":{"rendered":"<p>En un ambiente de fe, gratitud y comuni\u00f3n eclesial, este d\u00eda se celebr\u00f3 la Santa Misa con motivo del 56 aniversario de la Escuela B\u00edblica Arquidiocesana de Monterrey (EBAM), presidida por Rogelio Cabrera L\u00f3pez, quien invit\u00f3 a vivir la unidad desde la humildad y el amor cristiano.<\/p>\n<p>La celebraci\u00f3n eucar\u00edstica tambi\u00e9n fue ocasi\u00f3n para elevar una acci\u00f3n de gracias por los cinco a\u00f1os y medio de servicio como Director General del EBAM, de Monse\u00f1or Jos\u00e9 Eugenio Ramos Delgado, quien fue consagrado obispo el pasado mes de marzo y ha acompa\u00f1ado en un momento significativo para la vida formativa de la instituci\u00f3n.<\/p>\n<p>Durante la misa, se llev\u00f3 a cabo el nombramiento del presb\u00edtero Jaime Jes\u00fas Garza Morales como nuevo director de la Escuela B\u00edblica Arquidiocesana, encomend\u00e1ndole la misi\u00f3n de continuar fortaleciendo la formaci\u00f3n en la Sagrada Escritura dentro de la arquidi\u00f3cesis.<\/p>\n<p>En la homil\u00eda, el arzobispo destac\u00f3 la figura de San Marcos Evangelista, cuya memoria se celebra este d\u00eda, subrayando su testimonio como disc\u00edpulo y misionero. A partir de su experiencia pastoral, Mons. Cabrera record\u00f3 su etapa como obispo en Tuxtla Guti\u00e9rrez, donde impuls\u00f3 la reconstrucci\u00f3n de la catedral tras un incendio, incorporando vitrales inspirados en la vida de San Marcos, San Pedro y San Pablo.<\/p>\n<p>En este contexto, dirigi\u00f3 un mensaje especial al nuevo director, enfatizando que la primera tarea de quienes sirven en la Iglesia es aprender a vivir en comuni\u00f3n, especialmente en medio de las diferencias humanas.<\/p>\n<p>\u201cEl ap\u00f3stol Pedro nos recuerda que la virtud m\u00e1s importante es la humildad, porque solo desde ella se reconstruye la comuni\u00f3n eclesial\u201d, expres\u00f3.<\/p>\n<p>Mons. Cabrera profundiz\u00f3 en el ejemplo de San Marcos, quien vivi\u00f3 tensiones con San Pablo Ap\u00f3stol, pero supo restaurar la relaci\u00f3n a trav\u00e9s del perd\u00f3n, mostrando que las diferencias no deben romper la unidad. Asimismo, resalt\u00f3 la cercan\u00eda de Marcos con San Pedro Ap\u00f3stol, quien lo acompa\u00f1\u00f3 en su misi\u00f3n evangelizadora.<\/p>\n<p>El prelado tambi\u00e9n retom\u00f3 ense\u00f1anzas de San Juan Pablo II y Papa Francisco, se\u00f1alando que la comuni\u00f3n \u201ces un don y una tarea\u201d, y comparando a la Iglesia con un \u201cpoliedro\u201d, donde las diferencias no dividen, sino que enriquecen la unidad.<\/p>\n<p>Otro ejemplo presentado fue el de San Jer\u00f3nimo, quien, a pesar de su car\u00e1cter dif\u00edcil, encontr\u00f3 en el estudio de la Sagrada Escritura un camino de santificaci\u00f3n y comuni\u00f3n, centrando su mirada en Cristo por encima de los conflictos humanos.<\/p>\n<p>\u201cEl camino de la comuni\u00f3n consiste en dejar de enfocarnos en las diferencias y poner la mirada en Jesucristo\u201d, subray\u00f3 el arzobispo, animando a los coordinadores y alumnos de la escuela b\u00edblica a perseverar en la fe y en el servicio eclesial.<\/p>\n<p>Al concluir la celebraci\u00f3n, se llev\u00f3 a cabo la bendici\u00f3n de las pinturas de los cuatro evangelistas, ubicadas en la capilla, como signo visible del compromiso de la comunidad con la Palabra de Dios y la misi\u00f3n evangelizadora.<\/p>\n<p>La conmemoraci\u00f3n del 56 aniversario del EBAM reafirma su papel como espacio de formaci\u00f3n b\u00edblica en la arquidi\u00f3cesis, impulsando a sus miembros a vivir en comuni\u00f3n y a anunciar el Evangelio con fidelidad y entrega.<\/p>\n","protected":false},"excerpt":{"rendered":"<p>En un ambiente de fe, gratitud y comuni\u00f3n eclesial, este d\u00eda se celebr\u00f3 la Santa Misa con motivo del 56 aniversario de la Escuela B\u00edblica Arquidiocesana<span class=\"excerpt-hellip\"> [\u2026]<\/span><\/p>\n","protected":false},"author":10,"featured_media":18103,"comment_status":"closed","ping_status":"closed","sticky":false,"template":"","format":"standard","meta":[],"categories":[7,14],"tags":[75,205],"_links":{"self":[{"href":"https:\/\/www.arquidiocesismty.org\/arquimty\/wp-json\/wp\/v2\/posts\/18102"}],"collection":[{"href":"https:\/\/www.arquidiocesismty.org\/arquimty\/wp-json\/wp\/v2\/posts"}],"about":[{"href":"https:\/\/www.arquidiocesismty.org\/arquimty\/wp-json\/wp\/v2\/types\/post"}],"author":[{"embeddable":true,"href":"https:\/\/www.arquidiocesismty.org\/arquimty\/wp-json\/wp\/v2\/users\/10"}],"replies":[{"embeddable":true,"href":"https:\/\/www.arquidiocesismty.org\/arquimty\/wp-json\/wp\/v2\/comments?post=18102"}],"version-history":[{"count":1,"href":"https:\/\/www.arquidiocesismty.org\/arquimty\/wp-json\/wp\/v2\/posts\/18102\/revisions"}],"predecessor-version":[{"id":18104,"href":"https:\/\/www.arquidiocesismty.org\/arquimty\/wp-json\/wp\/v2\/posts\/18102\/revisions\/18104"}],"wp:featuredmedia":[{"embeddable":true,"href":"https:\/\/www.arquidiocesismty.org\/arquimty\/wp-json\/wp\/v2\/media\/18103"}],"wp:attachment":[{"href":"https:\/\/www.arquidiocesismty.org\/arquimty\/wp-json\/wp\/v2\/media?parent=18102"}],"wp:term":[{"taxonomy":"category","embeddable":true,"href":"https:\/\/www.arquidiocesismty.org\/arquimty\/wp-json\/wp\/v2\/categories?post=18102"},{"taxonomy":"post_tag","embeddable":true,"href":"https:\/\/www.arquidiocesismty.org\/arquimty\/wp-json\/wp\/v2\/tags?post=18102"}],"curies":[{"name":"wp","href":"https:\/\/api.w.org\/{rel}","templated":true}]}}