{"id":18099,"date":"2026-04-27T12:39:38","date_gmt":"2026-04-27T18:39:38","guid":{"rendered":"https:\/\/www.arquidiocesismty.org\/arquimty\/?p=18099"},"modified":"2026-04-27T12:39:38","modified_gmt":"2026-04-27T18:39:38","slug":"celebran-100-anos-de-mision-y-entrega-las-misioneras-catequistas-de-los-pobres","status":"publish","type":"post","link":"https:\/\/www.arquidiocesismty.org\/arquimty\/celebran-100-anos-de-mision-y-entrega-las-misioneras-catequistas-de-los-pobres\/","title":{"rendered":"CELEBRAN 100 A\u00d1OS DE MISI\u00d3N Y ENTREGA LAS MISIONERAS CATEQUISTAS DE LOS POBRES"},"content":{"rendered":"<p>En un ambiente de profunda gratitud y alegr\u00eda, las Misioneras Catequistas de los Pobres (MCP) conmemoraron este d\u00eda el centenario de su fundaci\u00f3n con la celebraci\u00f3n de la Eucarist\u00eda al mediod\u00eda, presidida por Mons. Hilario Gonz\u00e1lez Garc\u00eda, quien invit\u00f3 a reconocer la acci\u00f3n de Dios a lo largo de estos cien a\u00f1os de historia y servicio.<\/p>\n<p>Adem\u00e1s hizo un llamado a \u201clevantar la mirada al horizonte\u201d y confiar plenamente en Dios, recordando que la vida y la misi\u00f3n est\u00e1n en sus manos.<span class=\"Apple-converted-space\">\u00a0<\/span><\/p>\n<p>Subray\u00f3 que este aniversario es una oportunidad para reavivar el amor y la caridad, inspirados en el coraz\u00f3n de Jes\u00fas, de modo que den frutos abundantes para el bien de la Iglesia y de la sociedad.<\/p>\n<p>Mons. Gonz\u00e1lez Garc\u00eda expres\u00f3 su gratitud hacia la congregaci\u00f3n, reconociendo su impacto en la formaci\u00f3n de sacerdotes y en la vida pastoral de la Iglesia. Destac\u00f3 que, a lo largo de un siglo, las religiosas han sido protagonistas en el anuncio del Evangelio, llevando esperanza especialmente a los m\u00e1s necesitados.<\/p>\n<p>HISTORIA DE LA CONGREGACI\u00d3N<\/p>\n<p>La congregaci\u00f3n naci\u00f3 en 1926 en un contexto adverso para la vida religiosa en M\u00e9xico. En aquel tiempo, las leyes impulsadas durante el gobierno de Plutarco El\u00edas Calles prohib\u00edan la fundaci\u00f3n de congregaciones y la profesi\u00f3n de votos religiosos, lo que no impidi\u00f3 que la obra surgiera como signo de fe y perseverancia.<\/p>\n<p>Las Misioneras Catequistas de los Pobres tienen como fundadores a Mons. Jos\u00e9 Juan de Jes\u00fas Herrera y Pi\u00f1a y a la religiosa italiana Angelina Rusconi Rolleri, quienes, movidos por un profundo amor a Dios y al pueblo, impulsaron una congregaci\u00f3n con un fuerte carisma misionero orientado especialmente a los m\u00e1s necesitados, alejados y abandonados.<\/p>\n<p>A lo largo de su historia, la congregaci\u00f3n ha experimentado diversas etapas, incluso en su nombre: desde \u201cV\u00edctimas Apost\u00f3licas Guadalupanas\u201d, pasando por \u201cHermanas Catequistas de los Pobres\u201d, hasta consolidarse como Misioneras Catequistas de los Pobres. Su propuesta pastoral, innovadora para la \u00e9poca, se caracteriz\u00f3 por llevar el Evangelio m\u00e1s all\u00e1 de los conventos, llegando a comunidades lejanas y respondiendo a las necesidades concretas del pueblo.<\/p>\n<p>Las primeras misiones fuera de Monterrey se establecieron en estados como Durango y Oaxaca, marcando el inicio de una expansi\u00f3n que ha permitido a la congregaci\u00f3n extender su labor evangelizadora en distintos puntos del pa\u00eds.<\/p>\n<p>En el marco de este jubileo, las religiosas han invitado a los fieles a unirse en oraci\u00f3n y acci\u00f3n de gracias por estos cien a\u00f1os de historia, renovando su compromiso de seguir \u201cevangelizando con alegre esperanza\u201d, fieles al carisma que les dio origen.<\/p>\n<p>La celebraci\u00f3n del centenario no solo recuerda el pasado, sino que proyecta el futuro de una congregaci\u00f3n que, a pesar de las dificultades de su nacimiento, la crisis vocacional actual, contin\u00faa siendo signo vivo de fe, entrega y misi\u00f3n en la Iglesia.<\/p>\n","protected":false},"excerpt":{"rendered":"<p>En un ambiente de profunda gratitud y alegr\u00eda, las Misioneras Catequistas de los Pobres (MCP) conmemoraron este d\u00eda el centenario de su fundaci\u00f3n con la celebraci\u00f3n<span class=\"excerpt-hellip\"> [\u2026]<\/span><\/p>\n","protected":false},"author":10,"featured_media":18100,"comment_status":"closed","ping_status":"closed","sticky":false,"template":"","format":"standard","meta":[],"categories":[7,14],"tags":[],"_links":{"self":[{"href":"https:\/\/www.arquidiocesismty.org\/arquimty\/wp-json\/wp\/v2\/posts\/18099"}],"collection":[{"href":"https:\/\/www.arquidiocesismty.org\/arquimty\/wp-json\/wp\/v2\/posts"}],"about":[{"href":"https:\/\/www.arquidiocesismty.org\/arquimty\/wp-json\/wp\/v2\/types\/post"}],"author":[{"embeddable":true,"href":"https:\/\/www.arquidiocesismty.org\/arquimty\/wp-json\/wp\/v2\/users\/10"}],"replies":[{"embeddable":true,"href":"https:\/\/www.arquidiocesismty.org\/arquimty\/wp-json\/wp\/v2\/comments?post=18099"}],"version-history":[{"count":1,"href":"https:\/\/www.arquidiocesismty.org\/arquimty\/wp-json\/wp\/v2\/posts\/18099\/revisions"}],"predecessor-version":[{"id":18101,"href":"https:\/\/www.arquidiocesismty.org\/arquimty\/wp-json\/wp\/v2\/posts\/18099\/revisions\/18101"}],"wp:featuredmedia":[{"embeddable":true,"href":"https:\/\/www.arquidiocesismty.org\/arquimty\/wp-json\/wp\/v2\/media\/18100"}],"wp:attachment":[{"href":"https:\/\/www.arquidiocesismty.org\/arquimty\/wp-json\/wp\/v2\/media?parent=18099"}],"wp:term":[{"taxonomy":"category","embeddable":true,"href":"https:\/\/www.arquidiocesismty.org\/arquimty\/wp-json\/wp\/v2\/categories?post=18099"},{"taxonomy":"post_tag","embeddable":true,"href":"https:\/\/www.arquidiocesismty.org\/arquimty\/wp-json\/wp\/v2\/tags?post=18099"}],"curies":[{"name":"wp","href":"https:\/\/api.w.org\/{rel}","templated":true}]}}