{"id":18073,"date":"2026-04-04T17:33:23","date_gmt":"2026-04-04T23:33:23","guid":{"rendered":"https:\/\/www.arquidiocesismty.org\/arquimty\/?p=18073"},"modified":"2026-04-04T17:33:23","modified_gmt":"2026-04-04T23:33:23","slug":"celebran-la-pasion-del-senor-en-la-catedral-de-monterrey-invita-arzobispo-a-vivir-con-humildad-y-fe","status":"publish","type":"post","link":"https:\/\/www.arquidiocesismty.org\/arquimty\/celebran-la-pasion-del-senor-en-la-catedral-de-monterrey-invita-arzobispo-a-vivir-con-humildad-y-fe\/","title":{"rendered":"CELEBRAN LA PASI\u00d3N DEL SE\u00d1OR EN LA CATEDRAL DE MONTERREY; INVITA ARZOBISPO A VIVIR CON HUMILDAD Y FE"},"content":{"rendered":"<p>En un ambiente de recogimiento y profunda solemnidad, este Viernes Santo se llev\u00f3 a cabo la celebraci\u00f3n de la Pasi\u00f3n del Se\u00f1or en la Catedral Metropolitana de Monterrey, presidida por el arzobispo de Monterrey, quien centr\u00f3 su mensaje en el misterio de Cristo como verdadero hombre y verdadero Dios, as\u00ed como en el sentido del desprendimiento y la humildad.<\/p>\n<p>Durante la liturgia \u2014en la que, como marca la tradici\u00f3n de la Iglesia, no se celebra la Eucarist\u00eda\u2014 se proclam\u00f3 el relato de la Pasi\u00f3n seg\u00fan San Juan. En su homil\u00eda, el arzobispo destac\u00f3 que este testimonio fue escrito \u201cpara que, al escucharlo, ustedes puedan creer\u201d, subrayando que la escucha del Evangelio es fuente de fe para los creyentes.<\/p>\n<p>El prelado explic\u00f3 que en la Pasi\u00f3n se revela el misterio central del cristianismo: Jesucristo, siendo verdadero Dios, tambi\u00e9n es verdadero hombre, y como tal experiment\u00f3 el sufrimiento, la muerte y la sepultura. \u201cCristo experiment\u00f3 lo que es crucial para el ser humano: la muerte y el despojo de todo lo que es y de lo que merec\u00eda\u201d, expres\u00f3.<\/p>\n<p>Asimismo, record\u00f3 que la liturgia de este d\u00eda se distingue por su sencillez, reflejo del momento que conmemora. \u201cEn la muerte todo se deja a un lado: los honores, los ropajes, todo aquello que a veces creemos lo m\u00e1s importante\u201d, se\u00f1al\u00f3, al tiempo que evoc\u00f3 c\u00f3mo Jes\u00fas fue despojado de su dignidad, de su respeto e incluso de sus vestiduras.<\/p>\n<p>El arzobispo invit\u00f3 a los fieles a reflexionar sobre el sentido de la vida y la fugacidad de los bienes materiales. \u201cUno construye sue\u00f1os y grandezas pensando que durar\u00e1n para siempre, pero no es as\u00ed; todo es provisional\u201d, afirm\u00f3. En este contexto, subray\u00f3 que la muerte ayuda a distinguir lo esencial de lo secundario y orienta al encuentro con Dios.<\/p>\n<p>En la parte final de su mensaje, hizo un llamado a vivir con humildad, austeridad y caridad: \u201cQue el Se\u00f1or nos ayude a ser humildes, a vivir de manera m\u00e1s austera, en la caridad y en el respeto de todos\u201d.<\/p>\n<p>La celebraci\u00f3n concluy\u00f3 en un clima de silencio y oraci\u00f3n, propio de este d\u00eda santo, en el que la Iglesia contempla la pasi\u00f3n y muerte de Jesucristo, a la espera de la alegr\u00eda de la Pascua.<\/p>\n","protected":false},"excerpt":{"rendered":"<p>En un ambiente de recogimiento y profunda solemnidad, este Viernes Santo se llev\u00f3 a cabo la celebraci\u00f3n de la Pasi\u00f3n del Se\u00f1or en la Catedral Metropolitana<span class=\"excerpt-hellip\"> [\u2026]<\/span><\/p>\n","protected":false},"author":10,"featured_media":18074,"comment_status":"closed","ping_status":"closed","sticky":false,"template":"","format":"standard","meta":[],"categories":[7,14],"tags":[75,135,198],"_links":{"self":[{"href":"https:\/\/www.arquidiocesismty.org\/arquimty\/wp-json\/wp\/v2\/posts\/18073"}],"collection":[{"href":"https:\/\/www.arquidiocesismty.org\/arquimty\/wp-json\/wp\/v2\/posts"}],"about":[{"href":"https:\/\/www.arquidiocesismty.org\/arquimty\/wp-json\/wp\/v2\/types\/post"}],"author":[{"embeddable":true,"href":"https:\/\/www.arquidiocesismty.org\/arquimty\/wp-json\/wp\/v2\/users\/10"}],"replies":[{"embeddable":true,"href":"https:\/\/www.arquidiocesismty.org\/arquimty\/wp-json\/wp\/v2\/comments?post=18073"}],"version-history":[{"count":1,"href":"https:\/\/www.arquidiocesismty.org\/arquimty\/wp-json\/wp\/v2\/posts\/18073\/revisions"}],"predecessor-version":[{"id":18075,"href":"https:\/\/www.arquidiocesismty.org\/arquimty\/wp-json\/wp\/v2\/posts\/18073\/revisions\/18075"}],"wp:featuredmedia":[{"embeddable":true,"href":"https:\/\/www.arquidiocesismty.org\/arquimty\/wp-json\/wp\/v2\/media\/18074"}],"wp:attachment":[{"href":"https:\/\/www.arquidiocesismty.org\/arquimty\/wp-json\/wp\/v2\/media?parent=18073"}],"wp:term":[{"taxonomy":"category","embeddable":true,"href":"https:\/\/www.arquidiocesismty.org\/arquimty\/wp-json\/wp\/v2\/categories?post=18073"},{"taxonomy":"post_tag","embeddable":true,"href":"https:\/\/www.arquidiocesismty.org\/arquimty\/wp-json\/wp\/v2\/tags?post=18073"}],"curies":[{"name":"wp","href":"https:\/\/api.w.org\/{rel}","templated":true}]}}