{"id":17946,"date":"2026-01-20T13:57:38","date_gmt":"2026-01-20T19:57:38","guid":{"rendered":"https:\/\/www.arquidiocesismty.org\/arquimty\/?p=17946"},"modified":"2026-01-20T13:57:38","modified_gmt":"2026-01-20T19:57:38","slug":"en-torno-a-su-75-aniversario-de-vida-monsenor-rogelio-cabrera-reafirma-su-servicio-pastoral-en-monterrey","status":"publish","type":"post","link":"https:\/\/www.arquidiocesismty.org\/arquimty\/en-torno-a-su-75-aniversario-de-vida-monsenor-rogelio-cabrera-reafirma-su-servicio-pastoral-en-monterrey\/","title":{"rendered":"EN TORNO A SU 75 ANIVERSARIO DE VIDA MONSE\u00d1OR ROGELIO CABRERA REAFIRMA SU SERVICIO PASTORAL EN MONTERREY"},"content":{"rendered":"<p>Con motivo de su 75 aniversario de vida, el Arzobispo de Monterrey comparti\u00f3 un mensaje cercano y lleno de fe en el que dio a conocer que, conforme a lo establecido por el Derecho Can\u00f3nico, presentar\u00e1 su renuncia al Santo Padre, tal como lo se\u00f1ala el canon 401 \u00a71, el cual indica que todo obispo diocesano est\u00e1 invitado a presentar su renuncia al cumplir esta edad, quedando a juicio del Papa su aceptaci\u00f3n.<\/p>\n<p>En su mensaje dominical difundido a trav\u00e9s de redes sociales, el Arzobispo expres\u00f3:<\/p>\n<p>\u201cQuiero compartirles tambi\u00e9n un momento significativo de mi vida personal. El pr\u00f3ximo s\u00e1bado 24 de enero, estar\u00e9 cumpliendo 75 a\u00f1os de edad y, como lo establece el Derecho Can\u00f3nico de la Iglesia, esta es la edad en la que debo presentar mi renuncia al Santo Padre. Lo har\u00e9 con responsabilidad, con esp\u00edritu de obediencia y con plena confianza en la voluntad de Dios, esperando la respuesta del Papa Le\u00f3n.\u201d<\/p>\n<p>Asimismo, pidi\u00f3 al Pueblo de Dios acompa\u00f1arlo con la oraci\u00f3n durante este proceso, subrayando que no se trata de un tiempo de incertidumbre, sino de un acto de fe y amor a la Iglesia:<\/p>\n<p>\u201cLes pido que me acompa\u00f1en con su oraci\u00f3n en este proceso. No se trata de una etapa de incertidumbre, sino de un acto de fe y de amor a la Iglesia. Mientras esto sucede, seguir\u00e9 cumpliendo, con la ayuda de Dios, mi misi\u00f3n como pastor al frente de esta querida Arquidi\u00f3cesis de Monterrey, con la misma entrega y responsabilidad de siempre.\u201d<\/p>\n<p>En este contexto, vale recordar que en la Iglesia la presentaci\u00f3n de la renuncia no implica autom\u00e1ticamente el relevo del cargo. En M\u00e9xico, existen obispos que desde hace m\u00e1s de dos a\u00f1os han presentado su renuncia al cumplir los 75 a\u00f1os, sin que a\u00fan haya sido aceptada, permaneciendo en el ejercicio pleno de su ministerio pastoral hasta recibir indicaciones del Santo Padre. Esta pr\u00e1ctica subraya la confianza de la Iglesia en el discernimiento del Papa y la continuidad pastoral de las di\u00f3cesis.<\/p>\n<p>El Arzobispo de Monterrey concluy\u00f3 su mensaje con una invitaci\u00f3n a la comunidad a seguir caminando juntos como Iglesia:<\/p>\n<p>\u201cSigamos adelante con fe serena, con esperanza firme y con caridad activa. Se\u00f1alemos a Cristo con nuestra vida, cuidemos a los m\u00e1s vulnerables y mantengamos viva la comuni\u00f3n que nos une como Iglesia.\u201d<\/p>\n<p>En pr\u00f3ximos d\u00edas se compartir\u00e1, a trav\u00e9s de Pastoral Siglo XXI, una entrevista especial con el Arzobispo, en la que profundiza sobre c\u00f3mo vive este aniversario de vida, su experiencia pastoral y este momento significativo de discernimiento y confianza en Dios al servicio de la Iglesia.<\/p>\n","protected":false},"excerpt":{"rendered":"<p>Con motivo de su 75 aniversario de vida, el Arzobispo de Monterrey comparti\u00f3 un mensaje cercano y lleno de fe en el que dio a conocer<span class=\"excerpt-hellip\"> [\u2026]<\/span><\/p>\n","protected":false},"author":3,"featured_media":17198,"comment_status":"closed","ping_status":"closed","sticky":false,"template":"","format":"standard","meta":[],"categories":[7,14],"tags":[75,82],"_links":{"self":[{"href":"https:\/\/www.arquidiocesismty.org\/arquimty\/wp-json\/wp\/v2\/posts\/17946"}],"collection":[{"href":"https:\/\/www.arquidiocesismty.org\/arquimty\/wp-json\/wp\/v2\/posts"}],"about":[{"href":"https:\/\/www.arquidiocesismty.org\/arquimty\/wp-json\/wp\/v2\/types\/post"}],"author":[{"embeddable":true,"href":"https:\/\/www.arquidiocesismty.org\/arquimty\/wp-json\/wp\/v2\/users\/3"}],"replies":[{"embeddable":true,"href":"https:\/\/www.arquidiocesismty.org\/arquimty\/wp-json\/wp\/v2\/comments?post=17946"}],"version-history":[{"count":1,"href":"https:\/\/www.arquidiocesismty.org\/arquimty\/wp-json\/wp\/v2\/posts\/17946\/revisions"}],"predecessor-version":[{"id":17947,"href":"https:\/\/www.arquidiocesismty.org\/arquimty\/wp-json\/wp\/v2\/posts\/17946\/revisions\/17947"}],"wp:featuredmedia":[{"embeddable":true,"href":"https:\/\/www.arquidiocesismty.org\/arquimty\/wp-json\/wp\/v2\/media\/17198"}],"wp:attachment":[{"href":"https:\/\/www.arquidiocesismty.org\/arquimty\/wp-json\/wp\/v2\/media?parent=17946"}],"wp:term":[{"taxonomy":"category","embeddable":true,"href":"https:\/\/www.arquidiocesismty.org\/arquimty\/wp-json\/wp\/v2\/categories?post=17946"},{"taxonomy":"post_tag","embeddable":true,"href":"https:\/\/www.arquidiocesismty.org\/arquimty\/wp-json\/wp\/v2\/tags?post=17946"}],"curies":[{"name":"wp","href":"https:\/\/api.w.org\/{rel}","templated":true}]}}