{"id":17943,"date":"2026-01-20T13:41:48","date_gmt":"2026-01-20T19:41:48","guid":{"rendered":"https:\/\/www.arquidiocesismty.org\/arquimty\/?p=17943"},"modified":"2026-01-20T13:42:37","modified_gmt":"2026-01-20T19:42:37","slug":"concluye-asamblea-eclesial-diocesana","status":"publish","type":"post","link":"https:\/\/www.arquidiocesismty.org\/arquimty\/concluye-asamblea-eclesial-diocesana\/","title":{"rendered":"CONCLUYE ASAMBLEA ECLESIAL DIOCESANA"},"content":{"rendered":"<p>La tarde de ayer, en la Bas\u00edlica de Nuestra Se\u00f1ora del Roble, se llev\u00f3 a cabo el cierre de la Asamblea Eclesial Diocesana, en el marco del A\u00f1o Jubilar 2025, en un ambiente de fe, comuni\u00f3n y esperanza.<\/p>\n<p>Este significativo encuentro fue un momento de gracia para la Iglesia diocesana, en el que se reafirm\u00f3 el compromiso pastoral de \u201ccaminar juntos con la mirada puesta en Jesucristo\u201d, fortaleciendo la identidad sinodal y misionera del Pueblo de Dios.<\/p>\n<p>El acto inici\u00f3 con la bienvenida y una oraci\u00f3n a cargo del padre H\u00e9ctor Robledo, coordinador de la Vicar\u00eda para la Pastoral, quien invit\u00f3 a los presentes a disponerse espiritualmente, acompa\u00f1ado de un momento de alabanza que favoreci\u00f3 un clima de recogimiento y acci\u00f3n de gracias.<\/p>\n<p>Posteriormente, el padre Ernesto Castillo comparti\u00f3 una reflexi\u00f3n sobre el sentido del A\u00f1o Jubilar, el cual \u2014se\u00f1al\u00f3\u2014 fue planeado e iluminado por el Esp\u00edritu Santo, dando como fruto una Iglesia de esperanza, llamada a ser faro en medio de la oscuridad y portadora de la luz de Cristo para el mundo. Destac\u00f3 que los miles de aportes recogidos en las asambleas subrayan la centralidad de la familia como espacio donde se fomenta la fe, as\u00ed como la necesidad de fortalecer la espiritualidad sacramental, viviendo los frutos de la Eucarist\u00eda m\u00e1s all\u00e1 de la celebraci\u00f3n lit\u00fargica.<\/p>\n<p>En su intervenci\u00f3n, el padre David Sandoval present\u00f3 los cuatro caminos sinodales que orientan este proceso pastoral: conversi\u00f3n, acompa\u00f1amiento, articulaci\u00f3n y formaci\u00f3n, como ejes para una Iglesia m\u00e1s cercana y comprometida con la realidad de las personas.<\/p>\n<p>Por su parte, el padre David Jasso ofreci\u00f3 un resumen de la segunda etapa del proceso, en la que se realizaron 12 asambleas, las cuales dieron como resultado un renovado llamado de Dios a ser una Iglesia de esperanza: una comunidad eclesial que vive y conf\u00eda en las promesas del Se\u00f1or, orientada al Reino de los cielos y a la vida eterna, teniendo a Jesucristo como centro, \u201cesperanza que no defrauda\u201d.<\/p>\n<p>Durante el encuentro tambi\u00e9n se anunci\u00f3 la publicaci\u00f3n de la XI Carta Pastoral de Mons. Rogelio Cabrera L\u00f3pez, titulada \u201cHagan lo que \u00c9l les diga\u201d, que ser\u00e1 dada a conocer este d\u00eda, al concluir el Jubileo de la Encarnaci\u00f3n 2025.<\/p>\n<p>La jornada concluy\u00f3 con la celebraci\u00f3n de la Sagrada Eucarist\u00eda, presidida por Mons. Rogelio Cabrera, arzobispo de Monterrey, acompa\u00f1ado por sus obispos auxiliares y los presb\u00edteros presentes.<\/p>\n<p>Finalmente, se elev\u00f3 un agradecimiento a Dios por la participaci\u00f3n de obispos, sacerdotes, religiosos, religiosas y laicos que, con fe y entrega, formaron parte activa de este proceso sinodal, con el deseo de que los frutos de esta Asamblea se traduzcan en una Iglesia cada vez m\u00e1s cercana, fraterna y misionera.<\/p>\n","protected":false},"excerpt":{"rendered":"<p>La tarde de ayer, en la Bas\u00edlica de Nuestra Se\u00f1ora del Roble, se llev\u00f3 a cabo el cierre de la Asamblea Eclesial Diocesana, en el marco<span class=\"excerpt-hellip\"> [\u2026]<\/span><\/p>\n","protected":false},"author":3,"featured_media":17944,"comment_status":"closed","ping_status":"closed","sticky":false,"template":"","format":"standard","meta":[],"categories":[7,14],"tags":[75],"_links":{"self":[{"href":"https:\/\/www.arquidiocesismty.org\/arquimty\/wp-json\/wp\/v2\/posts\/17943"}],"collection":[{"href":"https:\/\/www.arquidiocesismty.org\/arquimty\/wp-json\/wp\/v2\/posts"}],"about":[{"href":"https:\/\/www.arquidiocesismty.org\/arquimty\/wp-json\/wp\/v2\/types\/post"}],"author":[{"embeddable":true,"href":"https:\/\/www.arquidiocesismty.org\/arquimty\/wp-json\/wp\/v2\/users\/3"}],"replies":[{"embeddable":true,"href":"https:\/\/www.arquidiocesismty.org\/arquimty\/wp-json\/wp\/v2\/comments?post=17943"}],"version-history":[{"count":1,"href":"https:\/\/www.arquidiocesismty.org\/arquimty\/wp-json\/wp\/v2\/posts\/17943\/revisions"}],"predecessor-version":[{"id":17945,"href":"https:\/\/www.arquidiocesismty.org\/arquimty\/wp-json\/wp\/v2\/posts\/17943\/revisions\/17945"}],"wp:featuredmedia":[{"embeddable":true,"href":"https:\/\/www.arquidiocesismty.org\/arquimty\/wp-json\/wp\/v2\/media\/17944"}],"wp:attachment":[{"href":"https:\/\/www.arquidiocesismty.org\/arquimty\/wp-json\/wp\/v2\/media?parent=17943"}],"wp:term":[{"taxonomy":"category","embeddable":true,"href":"https:\/\/www.arquidiocesismty.org\/arquimty\/wp-json\/wp\/v2\/categories?post=17943"},{"taxonomy":"post_tag","embeddable":true,"href":"https:\/\/www.arquidiocesismty.org\/arquimty\/wp-json\/wp\/v2\/tags?post=17943"}],"curies":[{"name":"wp","href":"https:\/\/api.w.org\/{rel}","templated":true}]}}