{"id":17940,"date":"2026-01-20T12:03:37","date_gmt":"2026-01-20T18:03:37","guid":{"rendered":"https:\/\/www.arquidiocesismty.org\/arquimty\/?p=17940"},"modified":"2026-01-20T12:03:37","modified_gmt":"2026-01-20T18:03:37","slug":"50-anos-de-ministerio-sacerdotal-de-mons-heriberto-cavazos-perez","status":"publish","type":"post","link":"https:\/\/www.arquidiocesismty.org\/arquimty\/50-anos-de-ministerio-sacerdotal-de-mons-heriberto-cavazos-perez\/","title":{"rendered":"50 A\u00d1OS DE MINISTERIO SACERDOTAL DE MONS. HERIBERTO CAVAZOS P\u00c9REZ"},"content":{"rendered":"<p>Con una solemne Eucarist\u00eda celebrada en la Bas\u00edlica de Nuestra Se\u00f1ora de Guadalupe, la Arquidi\u00f3cesis de Monterrey conmemor\u00f3 el 50 aniversario de ordenaci\u00f3n sacerdotal de Monse\u00f1or Heriberto Cavazos P\u00e9rez, obispo auxiliar em\u00e9rito, dando gracias a Dios por su vida y su fecundo ministerio al servicio del Pueblo de Dios.<\/p>\n<p>El Arzobispo de Monterrey, en su homil\u00eda comparti\u00f3 una profunda reflexi\u00f3n a partir de los pasajes b\u00edblicos elegidos por el propio Monse\u00f1or Heriberto: la vocaci\u00f3n del profeta Samuel y el relato de los disc\u00edpulos de Ema\u00fas. Dos historias \u2014se\u00f1al\u00f3\u2014 que han marcado su camino sacerdotal y en las que \u00e9l mismo se ha identificado.<\/p>\n<p>El Arzobispo destac\u00f3 que ambas narraciones presentan una dificultad superada: en la historia de Samuel, la capacidad de escuchar la voz de Dios, discerniendo su llamado en medio de otras voces; y en Ema\u00fas, el caminar en la incertidumbre, pregunt\u00e1ndose hacia d\u00f3nde se dirige la vida. \u201cEs el misterio de nuestra vocaci\u00f3n \u2014afirm\u00f3\u2014: Dios no nos llama, por lo general, mediante apariciones extraordinarias, sino a trav\u00e9s de otras personas, de la Iglesia, de un mediador que pronuncia nuestro nombre\u201d.<\/p>\n<p>En este contexto, expres\u00f3 su gratitud porque, hace 50 a\u00f1os, Dios confirm\u00f3 el llamado de Monse\u00f1or Heriberto a trav\u00e9s de Monse\u00f1or Espino, sellando as\u00ed su vocaci\u00f3n sacerdotal. Asimismo, subray\u00f3 la importancia de descubrir el sentido del camino, recordando que Jes\u00fas es quien da orientaci\u00f3n y plenitud a la vida humana.<\/p>\n<p>Como s\u00edntesis espiritual, el Arzobispo invit\u00f3 a que dos oraciones acompa\u00f1en siempre el caminar de Monse\u00f1or Heriberto: la s\u00faplica de Samuel, \u201cHabla, Se\u00f1or, que tu siervo escucha\u201d, y la petici\u00f3n de los disc\u00edpulos de Ema\u00fas, \u201cQu\u00e9date con nosotros, porque atardece\u201d.<\/p>\n<p>Durante la celebraci\u00f3n, tambi\u00e9n se record\u00f3 el pasaje del Eclesiast\u00e9s \u2014\u201chay un tiempo para todo\u201d\u2014, evocando palabras recientes del Papa Le\u00f3n, quien retom\u00f3 una ense\u00f1anza del Papa Francisco sobre la importancia de aprender a despedirse, reconociendo las etapas de la vida con gratitud y esperanza.<\/p>\n<p>El Arzobispo destac\u00f3 que estos 50 a\u00f1os representan un testimonio de amor entregado: \u201c50 a\u00f1os en los que Cristo lo ha amado hasta el extremo; 50 a\u00f1os en los que la Virgen Mar\u00eda le ha mostrado su ternura; y 50 a\u00f1os en los que el pueblo de Dios le ha manifestado su afecto\u201d.<\/p>\n<p>Al finalizar la celebraci\u00f3n, Monse\u00f1or Heriberto Cavazos P\u00e9rez dirigi\u00f3 un emotivo mensaje de agradecimiento. Dio gracias al Arzobispo por su homil\u00eda, record\u00f3 con humildad el d\u00eda de su ordenaci\u00f3n sacerdotal y expres\u00f3 su certeza de que, en el coraz\u00f3n de Dios, su vocaci\u00f3n estaba presente desde mucho antes. Agradeci\u00f3 de manera especial la presencia de los fieles, as\u00ed como a todas las comunidades donde ha servido como seminarista y sacerdote, al Seminario de Monterrey y a las diversas realidades eclesiales que han marcado su ministerio.<\/p>\n<p>Finalmente, comparti\u00f3 dos principios que \u2014dijo\u2014 lleva profundamente en el coraz\u00f3n y procura vivir cada d\u00eda: la fraternidad sacerdotal y la caridad pastoral, pilares que han guiado su servicio a la Iglesia a lo largo de cinco d\u00e9cadas.<\/p>\n","protected":false},"excerpt":{"rendered":"<p>Con una solemne Eucarist\u00eda celebrada en la Bas\u00edlica de Nuestra Se\u00f1ora de Guadalupe, la Arquidi\u00f3cesis de Monterrey conmemor\u00f3 el 50 aniversario de ordenaci\u00f3n sacerdotal de Monse\u00f1or<span class=\"excerpt-hellip\"> [\u2026]<\/span><\/p>\n","protected":false},"author":3,"featured_media":17941,"comment_status":"closed","ping_status":"closed","sticky":false,"template":"","format":"standard","meta":[],"categories":[7,14],"tags":[75],"_links":{"self":[{"href":"https:\/\/www.arquidiocesismty.org\/arquimty\/wp-json\/wp\/v2\/posts\/17940"}],"collection":[{"href":"https:\/\/www.arquidiocesismty.org\/arquimty\/wp-json\/wp\/v2\/posts"}],"about":[{"href":"https:\/\/www.arquidiocesismty.org\/arquimty\/wp-json\/wp\/v2\/types\/post"}],"author":[{"embeddable":true,"href":"https:\/\/www.arquidiocesismty.org\/arquimty\/wp-json\/wp\/v2\/users\/3"}],"replies":[{"embeddable":true,"href":"https:\/\/www.arquidiocesismty.org\/arquimty\/wp-json\/wp\/v2\/comments?post=17940"}],"version-history":[{"count":1,"href":"https:\/\/www.arquidiocesismty.org\/arquimty\/wp-json\/wp\/v2\/posts\/17940\/revisions"}],"predecessor-version":[{"id":17942,"href":"https:\/\/www.arquidiocesismty.org\/arquimty\/wp-json\/wp\/v2\/posts\/17940\/revisions\/17942"}],"wp:featuredmedia":[{"embeddable":true,"href":"https:\/\/www.arquidiocesismty.org\/arquimty\/wp-json\/wp\/v2\/media\/17941"}],"wp:attachment":[{"href":"https:\/\/www.arquidiocesismty.org\/arquimty\/wp-json\/wp\/v2\/media?parent=17940"}],"wp:term":[{"taxonomy":"category","embeddable":true,"href":"https:\/\/www.arquidiocesismty.org\/arquimty\/wp-json\/wp\/v2\/categories?post=17940"},{"taxonomy":"post_tag","embeddable":true,"href":"https:\/\/www.arquidiocesismty.org\/arquimty\/wp-json\/wp\/v2\/tags?post=17940"}],"curies":[{"name":"wp","href":"https:\/\/api.w.org\/{rel}","templated":true}]}}