{"id":17937,"date":"2026-01-20T11:59:36","date_gmt":"2026-01-20T17:59:36","guid":{"rendered":"https:\/\/www.arquidiocesismty.org\/arquimty\/?p=17937"},"modified":"2026-01-20T11:59:36","modified_gmt":"2026-01-20T17:59:36","slug":"presbiterio-de-monterrey-sostiene-encuentro-fraterno-con-el-nuncio-apostolico","status":"publish","type":"post","link":"https:\/\/www.arquidiocesismty.org\/arquimty\/presbiterio-de-monterrey-sostiene-encuentro-fraterno-con-el-nuncio-apostolico\/","title":{"rendered":"PRESBITERIO DE MONTERREY SOSTIENE ENCUENTRO FRATERNO CON EL NUNCIO APOST\u00d3LICO"},"content":{"rendered":"<p>El presbiterio de la Arquidi\u00f3cesis de Monterrey sostuvo un encuentro con el Nuncio Apost\u00f3lico Joseph Spiteri, el cual se llev\u00f3 a cabo en el auditorio de la Universidad de la Arquidi\u00f3cesis de Monterrey, ubicado en las instalaciones del antiguo Seminario Mayor.<\/p>\n<p>Durante el di\u00e1logo, se abordaron diversos temas de inter\u00e9s pastoral y social, subrayando que el di\u00e1logo es el ox\u00edgeno necesario para la vida de la Iglesia y de la sociedad. En este sentido, se reflexion\u00f3 sobre la importancia del di\u00e1logo con el Gobierno Federal, as\u00ed como sobre la situaci\u00f3n del clima social que actualmente vive M\u00e9xico.<\/p>\n<p>El encuentro tambi\u00e9n fue un espacio para una reflexi\u00f3n profunda sobre el servicio pastoral, en la que se invit\u00f3 a los sacerdotes a fortalecer una actitud de creatividad pastoral, capaz de responder a los desaf\u00edos actuales con cercan\u00eda, esperanza y compromiso evang\u00e9lico.<\/p>\n<p>Asimismo, se anim\u00f3 a los presentes a reconocer y observar los signos de esperanza que ya existen en la Iglesia, como fuente de \u00e1nimo para continuar la misi\u00f3n evangelizadora en medio de las realidades complejas del entorno social.<\/p>\n<p>Por su parte, el Arzobispo de Monterrey manifest\u00f3 al Nuncio Apost\u00f3lico la comuni\u00f3n, cercan\u00eda y afecto permanente de la Iglesia local con el Santo Padre, reiterando la fidelidad y el compromiso de la arquidi\u00f3cesis con el Papa y con la misi\u00f3n universal de la Iglesia.<\/p>\n<p>Finalmente, el Arzobispo aprovech\u00f3 el momento para agradecer la entrega generosa de los sacerdotes religiosos que sirven en la Arquidi\u00f3cesis de Monterrey, reconociendo su valiosa aportaci\u00f3n a la vida pastoral y comunitaria.<\/p>\n<p>El encuentro se desarroll\u00f3 en un ambiente fraterno y de escucha, fortaleciendo los lazos de comuni\u00f3n y alentando a seguir caminando juntos como Iglesia al servicio del Pueblo de Dios.<\/p>\n","protected":false},"excerpt":{"rendered":"<p>El presbiterio de la Arquidi\u00f3cesis de Monterrey sostuvo un encuentro con el Nuncio Apost\u00f3lico Joseph Spiteri, el cual se llev\u00f3 a cabo en el auditorio de<span class=\"excerpt-hellip\"> [\u2026]<\/span><\/p>\n","protected":false},"author":3,"featured_media":17938,"comment_status":"closed","ping_status":"closed","sticky":false,"template":"","format":"standard","meta":[],"categories":[7,14],"tags":[75],"_links":{"self":[{"href":"https:\/\/www.arquidiocesismty.org\/arquimty\/wp-json\/wp\/v2\/posts\/17937"}],"collection":[{"href":"https:\/\/www.arquidiocesismty.org\/arquimty\/wp-json\/wp\/v2\/posts"}],"about":[{"href":"https:\/\/www.arquidiocesismty.org\/arquimty\/wp-json\/wp\/v2\/types\/post"}],"author":[{"embeddable":true,"href":"https:\/\/www.arquidiocesismty.org\/arquimty\/wp-json\/wp\/v2\/users\/3"}],"replies":[{"embeddable":true,"href":"https:\/\/www.arquidiocesismty.org\/arquimty\/wp-json\/wp\/v2\/comments?post=17937"}],"version-history":[{"count":1,"href":"https:\/\/www.arquidiocesismty.org\/arquimty\/wp-json\/wp\/v2\/posts\/17937\/revisions"}],"predecessor-version":[{"id":17939,"href":"https:\/\/www.arquidiocesismty.org\/arquimty\/wp-json\/wp\/v2\/posts\/17937\/revisions\/17939"}],"wp:featuredmedia":[{"embeddable":true,"href":"https:\/\/www.arquidiocesismty.org\/arquimty\/wp-json\/wp\/v2\/media\/17938"}],"wp:attachment":[{"href":"https:\/\/www.arquidiocesismty.org\/arquimty\/wp-json\/wp\/v2\/media?parent=17937"}],"wp:term":[{"taxonomy":"category","embeddable":true,"href":"https:\/\/www.arquidiocesismty.org\/arquimty\/wp-json\/wp\/v2\/categories?post=17937"},{"taxonomy":"post_tag","embeddable":true,"href":"https:\/\/www.arquidiocesismty.org\/arquimty\/wp-json\/wp\/v2\/tags?post=17937"}],"curies":[{"name":"wp","href":"https:\/\/api.w.org\/{rel}","templated":true}]}}